{"id":4006,"date":"2026-03-26T09:47:19","date_gmt":"2026-03-26T09:47:19","guid":{"rendered":"https:\/\/blizzcool.es\/blog\/sem-categoria\/como-arrefecer-um-pavilhao-industrial-todas-as-opcoes-e-quando-usar-cada-uma\/"},"modified":"2026-03-26T09:47:19","modified_gmt":"2026-03-26T09:47:19","slug":"como-arrefecer-um-pavilhao-industrial-todas-as-opcoes-e-quando-usar-cada-uma","status":"publish","type":"post","link":"https:\/\/blizzcool.es\/pt-pt\/blog\/climatizacao\/como-arrefecer-um-pavilhao-industrial-todas-as-opcoes-e-quando-usar-cada-uma\/","title":{"rendered":"Como arrefecer um pavilh\u00e3o industrial: todas as op\u00e7\u00f5es e quando usar cada uma"},"content":{"rendered":"<p>Arrefecer um pavilh\u00e3o industrial n\u00e3o tem uma resposta \u00fanica. A solu\u00e7\u00e3o mais eficiente para um armaz\u00e9m log\u00edstico com portas abertas e tr\u00e1fego constante de mercadoria n\u00e3o \u00e9 a mesma que para uma f\u00e1brica com processos que geram calor intenso e janelas seladas. Conhecer as op\u00e7\u00f5es dispon\u00edveis, as suas limita\u00e7\u00f5es reais e o crit\u00e9rio que determina quando se aplica cada uma \u00e9 o que marca a diferen\u00e7a entre um investimento acertado e um equipamento subutilizado.  <\/p>\n<p>Neste artigo encontrar\u00e1 uma compara\u00e7\u00e3o objetiva das cinco solu\u00e7\u00f5es mais utilizadas para climatizar pavilh\u00f5es industriais, com os dados t\u00e9cnicos que importam e o crit\u00e9rio de sele\u00e7\u00e3o que a maioria dos guias n\u00e3o menciona. Se o seu pavilh\u00e3o tem tetos altos e atividade cont\u00ednua, os ventiladores de teto para pavilh\u00f5es industriais s\u00e3o provavelmente o ponto de partida mais eficiente, mas conv\u00e9m entender porqu\u00ea antes de decidir. <\/p>\n<h3 class=\"text-text-100 mt-2 -mb-1 text-base font-bold\">Porque \u00e9 que o ar condicionado convencional n\u00e3o funciona na maioria dos pavilh\u00f5es<\/h3>\n<p class=\"font-claude-response-body break-words whitespace-normal leading-[1.7]\">O primeiro instinto de muitos respons\u00e1veis pela instala\u00e7\u00e3o, quando o calor se torna um problema, \u00e9 pensar em <a href=\"https:\/\/blizzcool.es\/blog\/climatizacion\/tipos-sistemas-climatizacion\/\">sistemas de climatiza\u00e7\u00e3o<\/a> como o ar condicionado. \u00c9 compreens\u00edvel: \u00e9 a solu\u00e7\u00e3o conhecida para escrit\u00f3rios e espa\u00e7os comerciais. O problema \u00e9 que o ar condicionado convencional requer um espa\u00e7o fechado para recircular o ar e manter a temperatura. Assim que h\u00e1 uma porta aberta, essa efici\u00eancia desmorona-se.   <\/p>\n<p class=\"font-claude-response-body break-words whitespace-normal leading-[1.7]\">A maioria dos pavilh\u00f5es industriais funciona com portas abertas durante grande parte do dia: entradas e sa\u00eddas de mercadoria, ve\u00edculos em tr\u00e2nsito, necessidades de ventila\u00e7\u00e3o devido a processos produtivos. Nessas condi\u00e7\u00f5es, um equipamento de climatiza\u00e7\u00e3o convencional consome entre 5 e 15 kW para climatizar um espa\u00e7o que nunca chega a fechar-se realmente. O custo di\u00e1rio faz com que o investimento n\u00e3o seja rent\u00e1vel na maior parte dos casos.  <\/p>\n<p><img loading=\"lazy\" decoding=\"async\" class=\"aligncenter wp-image-3736 size-large\" src=\"https:\/\/blizzcool.es\/wp-content\/uploads\/2026\/03\/nave-industrial-con-ventilacion-1024x683.avif\" alt=\"pavilh\u00e3o industrial com ventila\u00e7\u00e3o\" width=\"1024\" height=\"683\" srcset=\"https:\/\/blizzcool.es\/wp-content\/uploads\/2026\/03\/nave-industrial-con-ventilacion-1024x683.avif 1024w, https:\/\/blizzcool.es\/wp-content\/uploads\/2026\/03\/nave-industrial-con-ventilacion-300x200.avif 300w, https:\/\/blizzcool.es\/wp-content\/uploads\/2026\/03\/nave-industrial-con-ventilacion-768x512.avif 768w, https:\/\/blizzcool.es\/wp-content\/uploads\/2026\/03\/nave-industrial-con-ventilacion-1536x1025.avif 1536w, https:\/\/blizzcool.es\/wp-content\/uploads\/2026\/03\/nave-industrial-con-ventilacion-600x400.avif 600w, https:\/\/blizzcool.es\/wp-content\/uploads\/2026\/03\/nave-industrial-con-ventilacion-64x43.avif 64w, https:\/\/blizzcool.es\/wp-content\/uploads\/2026\/03\/nave-industrial-con-ventilacion.avif 2000w\" sizes=\"auto, (max-width: 1024px) 100vw, 1024px\" \/><\/p>\n<h2 class=\"text-text-100 mt-2 -mb-1 text-base font-bold\">As cinco op\u00e7\u00f5es reais para arrefecer um pavilh\u00e3o industrial<\/h2>\n<h3 class=\"text-text-100 mt-2 -mb-1 text-base font-bold\">Ventila\u00e7\u00e3o natural<\/h3>\n<p class=\"font-claude-response-body break-words whitespace-normal leading-[1.7]\">A op\u00e7\u00e3o de custo zero. Se o pavilh\u00e3o tiver portas ou janelas em lados opostos e houver vento exterior suficiente, a ventila\u00e7\u00e3o cruzada pode baixar a temperatura v\u00e1rios graus sem qualquer equipamento. \u00c9 \u00fatil como complemento, mas raramente suficiente por si s\u00f3 nos meses de maior calor, especialmente em pavilh\u00f5es orientados de forma desfavor\u00e1vel ou em zonas com ventos escassos.  <\/p>\n<h3 class=\"text-text-100 mt-2 -mb-1 text-base font-bold\">Ventiladores industriais de teto<\/h3>\n<p class=\"font-claude-response-body break-words whitespace-normal leading-[1.7]\">Os ventiladores HVLS (High Volume, Low Speed) s\u00e3o grandes ventiladores de teto com p\u00e1s entre 2,4 e 6 metros de di\u00e2metro que giram a baixa velocidade, movimentando enormes volumes de ar. N\u00e3o arrefecem o ar, mas geram uma brisa constante e uniforme que reduz a sensa\u00e7\u00e3o t\u00e9rmica percebida entre 4 e 6 \u00b0C, quebram a estratifica\u00e7\u00e3o do ar quente e melhoram substancialmente o conforto dos trabalhadores. <\/p>\n<p class=\"font-claude-response-body break-words whitespace-normal leading-[1.7]\">O seu consumo \u00e9 notavelmente baixo: um ventilador HVLS de 6 metros de di\u00e2metro n\u00e3o excede os 1,5-2 kW, cobrindo superf\u00edcies de at\u00e9 1.800 m\u00b2 com uma \u00fanica unidade. Para um pavilh\u00e3o de 1.000 m\u00b2, isso equivale a menos de 2 euros por dia em consumo el\u00e9trico, funcionando 10 horas. S\u00e3o especialmente eficazes em pavilh\u00f5es com portas abertas, onde os sistemas evaporativos e o ar condicionado perdem efici\u00eancia.  <\/p>\n<h3 class=\"text-text-100 mt-2 -mb-1 text-base font-bold\">Ventiladores industriais de parede e port\u00e1teis<\/h3>\n<p class=\"font-claude-response-body break-words whitespace-normal leading-[1.7]\">Os ventiladores de parede industrial e os modelos port\u00e1teis de grande caudal complementam bem os HVLS em espa\u00e7os onde \u00e9 necess\u00e1ria ventila\u00e7\u00e3o direta sobre zonas de trabalho espec\u00edficas. N\u00e3o cobrem superf\u00edcies t\u00e3o amplas como um HVLS, mas permitem direcionar o fluxo de ar com precis\u00e3o para pontos de maior carga t\u00e9rmica: linhas de produ\u00e7\u00e3o, zonas de soldadura, postos de trabalho individuais. A sua instala\u00e7\u00e3o \u00e9 r\u00e1pida e n\u00e3o requer obras.  <\/p>\n<h3 class=\"text-text-100 mt-2 -mb-1 text-base font-bold\">Arrefecedores evaporativos<\/h3>\n<p class=\"font-claude-response-body break-words whitespace-normal leading-[1.7]\">Os arrefecedores evaporativos fazem passar o ar atrav\u00e9s de pain\u00e9is humedecidos, reduzindo a temperatura do ar entre 8 e 11 \u00b0C por evapora\u00e7\u00e3o. S\u00e3o mais eficazes do que os ventiladores em climas secos e quentes, e o seu consumo energ\u00e9tico \u00e9 at\u00e9 80% menor do que o de um equipamento de ar condicionado equivalente. <\/p>\n<p class=\"font-claude-response-body break-words whitespace-normal leading-[1.7]\">A sua limita\u00e7\u00e3o principal \u00e9 que precisam que o ar quente possa sair do pavilh\u00e3o para serem eficazes: se o espa\u00e7o estiver fechado ou mal ventilado, a humidade acumula-se e a efic\u00e1cia diminui. Funcionam bem em pavilh\u00f5es com ventila\u00e7\u00e3o natural ou com extratores, mas n\u00e3o s\u00e3o a solu\u00e7\u00e3o adequada em zonas com alta humidade ambiental relativa ou em processos que n\u00e3o admitem aumentos de humidade. <\/p>\n<h3 class=\"text-text-100 mt-2 -mb-1 text-base font-bold\">Nebulizadores<\/h3>\n<p class=\"font-claude-response-body break-words whitespace-normal leading-[1.7]\">Os sistemas de nebuliza\u00e7\u00e3o pulverizam \u00e1gua em part\u00edculas muito finas que se evaporam antes de tocar nas superf\u00edcies, gerando um efeito de arrefecimento localizado. S\u00e3o eficazes em exteriores ou em espa\u00e7os semiabertos como terra\u00e7os industriais ou zonas de carga e descarga. Em interiores, o seu uso \u00e9 mais limitado, uma vez que a acumula\u00e7\u00e3o de humidade pode ser um problema em processos industriais sens\u00edveis ou em ambientes com maquinaria que n\u00e3o tolera a humidade.  <\/p>\n<h2 class=\"text-text-100 mt-2 -mb-1 text-base font-bold\">O crit\u00e9rio que mais condiciona a escolha: pavilh\u00e3o aberto ou fechado?<\/h2>\n<p class=\"font-claude-response-body break-words whitespace-normal leading-[1.7]\">Antes de avaliar pot\u00eancia, pre\u00e7o ou marca, h\u00e1 uma pergunta que filtra a maioria das decis\u00f5es: o pavilh\u00e3o funciona com portas abertas ou fechadas durante o dia?<\/p>\n<p class=\"font-claude-response-body break-words whitespace-normal leading-[1.7]\">Se trabalhar com portas abertas, seja por necessidades log\u00edsticas, processos produtivos ou ventila\u00e7\u00e3o necess\u00e1ria, os sistemas que dependem de um espa\u00e7o fechado (ar condicionado convencional, evaporativos sem extra\u00e7\u00e3o adequada) ter\u00e3o um desempenho abaixo do seu potencial. Nesse cen\u00e1rio, os ventiladores industriais HVLS de teto s\u00e3o a solu\u00e7\u00e3o mais eficiente: funcionam precisamente nessas condi\u00e7\u00f5es, n\u00e3o dependem do fecho do espa\u00e7o e mant\u00eam o seu desempenho independentemente do tr\u00e2nsito de portas. <\/p>\n<p class=\"font-claude-response-body break-words whitespace-normal leading-[1.7]\">Se o pavilh\u00e3o trabalhar fechado, com controlo de acessos e sem tr\u00e1fego constante de mercadoria, os arrefecedores evaporativos ou o ar condicionado industrial podem ser op\u00e7\u00f5es mais adequadas, desde que a humidade ambiental e os processos o permitam.<\/p>\n<p><img loading=\"lazy\" decoding=\"async\" class=\"aligncenter wp-image-3735 size-large\" src=\"https:\/\/blizzcool.es\/wp-content\/uploads\/2026\/03\/nave-industrial-con-ventilador-de-techo-1024x683.avif\" alt=\"pavilh\u00e3o industrial climatizado com Blizzcool\" width=\"1024\" height=\"683\" srcset=\"https:\/\/blizzcool.es\/wp-content\/uploads\/2026\/03\/nave-industrial-con-ventilador-de-techo-1024x683.avif 1024w, https:\/\/blizzcool.es\/wp-content\/uploads\/2026\/03\/nave-industrial-con-ventilador-de-techo-300x200.avif 300w, https:\/\/blizzcool.es\/wp-content\/uploads\/2026\/03\/nave-industrial-con-ventilador-de-techo-768x512.avif 768w, https:\/\/blizzcool.es\/wp-content\/uploads\/2026\/03\/nave-industrial-con-ventilador-de-techo-1536x1024.avif 1536w, https:\/\/blizzcool.es\/wp-content\/uploads\/2026\/03\/nave-industrial-con-ventilador-de-techo-600x400.avif 600w, https:\/\/blizzcool.es\/wp-content\/uploads\/2026\/03\/nave-industrial-con-ventilador-de-techo-64x43.avif 64w, https:\/\/blizzcool.es\/wp-content\/uploads\/2026\/03\/nave-industrial-con-ventilador-de-techo.avif 1920w\" sizes=\"auto, (max-width: 1024px) 100vw, 1024px\" \/><\/p>\n<h3 class=\"text-text-100 mt-2 -mb-1 text-base font-bold\">O que diz a legisla\u00e7\u00e3o sobre a temperatura no trabalho<\/h3>\n<p class=\"font-claude-response-body break-words whitespace-normal leading-[1.7]\">O Real Decreto 486\/1997 sobre locais de trabalho estabelece que em zonas onde se realizam trabalhos sedent\u00e1rios a temperatura deve estar entre 17 e 27 \u00b0C, e em trabalhos ligeiros entre 14 e 25 \u00b0C. Em atividade f\u00edsica intensa os limites s\u00e3o mais rigorosos. Superar estes intervalos n\u00e3o \u00e9 apenas um problema de conforto: implica risco de stress t\u00e9rmico, queda do rendimento e responsabilidade legal para a empresa.  <\/p>\n<p class=\"font-claude-response-body break-words whitespace-normal leading-[1.7]\">Um estudo citado pela NASA mostra que acima de 25 \u00b0C, cada grau adicional de temperatura reduz o rendimento laboral em 2%. Num pavilh\u00e3o com 30 trabalhadores a 35 \u00b0C durante os meses de ver\u00e3o, o impacto na produtividade e na sinistralidade justifica por si s\u00f3 o investimento num sistema de ventila\u00e7\u00e3o eficaz. <\/p>\n<h3 class=\"text-text-100 mt-2 -mb-1 text-base font-bold\">No inverno tamb\u00e9m h\u00e1 solu\u00e7\u00e3o<\/h3>\n<p class=\"font-claude-response-body break-words whitespace-normal leading-[1.7]\">Um dos argumentos menos mencionados ao avaliar ventiladores HVLS de teto \u00e9 o seu desempenho nos meses frios. Em pavilh\u00f5es com tetos altos, o calor gerado pela maquinaria, a atividade dos trabalhadores ou o aquecimento sobe e acumula-se sob a cobertura. Em espa\u00e7os com 8 ou mais metros de altura, a diferen\u00e7a de temperatura entre o ch\u00e3o e o teto pode superar os 10 \u00b0C.  <\/p>\n<p class=\"font-claude-response-body break-words whitespace-normal leading-[1.7]\">Invertendo o giro do ventilador, o ar quente acumulado desce de forma suave e uniforme sem gerar corrente inc\u00f3moda sobre os trabalhadores. O resultado \u00e9 uma redu\u00e7\u00e3o do consumo de aquecimento que em instala\u00e7\u00f5es reais se situa entre 20 e 30%. Um equipamento que reduz o calor no ver\u00e3o e o consumo de aquecimento no inverno amortiza o seu custo de uma forma que nenhum evaporativo nem nenhum ar condicionado pode igualar.  <\/p>\n<h3 class=\"text-text-100 mt-2 -mb-1 text-base font-bold\">Reduzir o calor no seu pavilh\u00e3o \u00e9 uma decis\u00e3o que se toma uma vez<\/h3>\n<p class=\"font-claude-response-body break-words whitespace-normal leading-[1.7]\">A maioria das empresas que instala um sistema de ventila\u00e7\u00e3o industrial f\u00e1-lo depois de um ver\u00e3o complicado, quando o impacto na produtividade j\u00e1 \u00e9 vis\u00edvel e a press\u00e3o sobre a equipa \u00e9 m\u00e1xima. Antecipar-se a esse ponto permite tomar a decis\u00e3o com calma, comparar op\u00e7\u00f5es com crit\u00e9rio e escolher o sistema que melhor se adapta ao tipo de pavilh\u00e3o, \u00e0 atividade e ao or\u00e7amento dispon\u00edvel. <\/p>\n<p class=\"font-claude-response-body break-words whitespace-normal leading-[1.7]\">Se depois de ler este guia tem claro que o seu pavilh\u00e3o necessita de ventila\u00e7\u00e3o de teto de alto desempenho, na Blizzcool encontrar\u00e1 uma gama de <a class=\"underline underline underline-offset-2 decoration-1 decoration-current\/40 hover:decoration-current focus:decoration-current\" href=\"https:\/\/blizzcool.es\/ventilador-industrial\/techo\/\">ventiladores de teto para pavilh\u00f5es industriais<\/a> com di\u00e2metros desde 2.400 at\u00e9 6.100 mm. A equipa t\u00e9cnica pode calcular qual o modelo que cobre o seu espa\u00e7o com o menor consumo poss\u00edvel e orient\u00e1-lo sobre se os ventiladores HVLS s\u00e3o a solu\u00e7\u00e3o \u00f3tima para a sua instala\u00e7\u00e3o ou se conv\u00e9m combin\u00e1-los com outro sistema. <\/p>\n","protected":false},"excerpt":{"rendered":"<p>Arrefecer um pavilh\u00e3o industrial n\u00e3o tem uma resposta \u00fanica. A solu\u00e7\u00e3o mais eficiente para um armaz\u00e9m log\u00edstico com portas abertas [&hellip;]<\/p>\n","protected":false},"author":2,"featured_media":4007,"comment_status":"open","ping_status":"open","sticky":false,"template":"","format":"standard","meta":{"_acf_changed":false,"site-sidebar-layout":"default","site-content-layout":"","ast-site-content-layout":"default","site-content-style":"default","site-sidebar-style":"default","ast-global-header-display":"","ast-banner-title-visibility":"","ast-main-header-display":"","ast-hfb-above-header-display":"","ast-hfb-below-header-display":"","ast-hfb-mobile-header-display":"","site-post-title":"","ast-breadcrumbs-content":"","ast-featured-img":"","footer-sml-layout":"","ast-disable-related-posts":"","theme-transparent-header-meta":"default","adv-header-id-meta":"","stick-header-meta":"","header-above-stick-meta":"","header-main-stick-meta":"","header-below-stick-meta":"","astra-migrate-meta-layouts":"default","ast-page-background-enabled":"default","ast-page-background-meta":{"desktop":{"background-color":"var(--ast-global-color-5)","background-image":"","background-repeat":"repeat","background-position":"center center","background-size":"auto","background-attachment":"scroll","background-type":"","background-media":"","overlay-type":"","overlay-color":"","overlay-opacity":"","overlay-gradient":""},"tablet":{"background-color":"","background-image":"","background-repeat":"repeat","background-position":"center center","background-size":"auto","background-attachment":"scroll","background-type":"","background-media":"","overlay-type":"","overlay-color":"","overlay-opacity":"","overlay-gradient":""},"mobile":{"background-color":"","background-image":"","background-repeat":"repeat","background-position":"center center","background-size":"auto","background-attachment":"scroll","background-type":"","background-media":"","overlay-type":"","overlay-color":"","overlay-opacity":"","overlay-gradient":""}},"ast-content-background-meta":{"desktop":{"background-color":"var(--ast-global-color-4)","background-image":"","background-repeat":"repeat","background-position":"center center","background-size":"auto","background-attachment":"scroll","background-type":"","background-media":"","overlay-type":"","overlay-color":"","overlay-opacity":"","overlay-gradient":""},"tablet":{"background-color":"var(--ast-global-color-4)","background-image":"","background-repeat":"repeat","background-position":"center center","background-size":"auto","background-attachment":"scroll","background-type":"","background-media":"","overlay-type":"","overlay-color":"","overlay-opacity":"","overlay-gradient":""},"mobile":{"background-color":"var(--ast-global-color-4)","background-image":"","background-repeat":"repeat","background-position":"center center","background-size":"auto","background-attachment":"scroll","background-type":"","background-media":"","overlay-type":"","overlay-color":"","overlay-opacity":"","overlay-gradient":""}},"footnotes":""},"categories":[113],"tags":[119],"class_list":["post-4006","post","type-post","status-publish","format-standard","has-post-thumbnail","hentry","category-climatizacao","tag-consideracao"],"acf":[],"_links":{"self":[{"href":"https:\/\/blizzcool.es\/pt-pt\/wp-json\/wp\/v2\/posts\/4006","targetHints":{"allow":["GET"]}}],"collection":[{"href":"https:\/\/blizzcool.es\/pt-pt\/wp-json\/wp\/v2\/posts"}],"about":[{"href":"https:\/\/blizzcool.es\/pt-pt\/wp-json\/wp\/v2\/types\/post"}],"author":[{"embeddable":true,"href":"https:\/\/blizzcool.es\/pt-pt\/wp-json\/wp\/v2\/users\/2"}],"replies":[{"embeddable":true,"href":"https:\/\/blizzcool.es\/pt-pt\/wp-json\/wp\/v2\/comments?post=4006"}],"version-history":[{"count":0,"href":"https:\/\/blizzcool.es\/pt-pt\/wp-json\/wp\/v2\/posts\/4006\/revisions"}],"wp:featuredmedia":[{"embeddable":true,"href":"https:\/\/blizzcool.es\/pt-pt\/wp-json\/wp\/v2\/media\/4007"}],"wp:attachment":[{"href":"https:\/\/blizzcool.es\/pt-pt\/wp-json\/wp\/v2\/media?parent=4006"}],"wp:term":[{"taxonomy":"category","embeddable":true,"href":"https:\/\/blizzcool.es\/pt-pt\/wp-json\/wp\/v2\/categories?post=4006"},{"taxonomy":"post_tag","embeddable":true,"href":"https:\/\/blizzcool.es\/pt-pt\/wp-json\/wp\/v2\/tags?post=4006"}],"curies":[{"name":"wp","href":"https:\/\/api.w.org\/{rel}","templated":true}]}}