{"id":3927,"date":"2026-04-20T14:28:36","date_gmt":"2026-04-20T14:28:36","guid":{"rendered":"https:\/\/blizzcool.es\/blog\/sem-categoria\/quanto-consome-um-ventilador-de-teto-comparativa-real\/"},"modified":"2026-04-20T14:28:36","modified_gmt":"2026-04-20T14:28:36","slug":"quanto-consome-um-ventilador-de-teto-comparativa-real","status":"publish","type":"post","link":"https:\/\/blizzcool.es\/pt-pt\/blog\/ventiladores\/quanto-consome-um-ventilador-de-teto-comparativa-real\/","title":{"rendered":"Quanto consome um ventilador de teto: comparativa real"},"content":{"rendered":"<p data-path-to-node=\"18\"><span class=\"citation-13\">Um ventilador de teto consome em m\u00e9dia entre <\/span><b data-path-to-node=\"18\" data-index-in-node=\"46\"><span class=\"citation-13\">15 W e 90 W por hora<\/span><\/b><span class=\"citation-13 citation-end-13\">, dependendo de se utiliza um motor AC tradicional ou um moderno motor DC de baixo consumo.<\/span> Em termos econ\u00f3micos, manter um ventilador ligado durante 8 horas custa menos de <b data-path-to-node=\"18\" data-index-in-node=\"244\">0,05 \u20ac por dia<\/b>, o que representa um gasto at\u00e9 20 vezes inferior ao de um sistema de ar condicionado convencional.<\/p>\n<p data-path-to-node=\"19\">Neste artigo, analisamos o gasto energ\u00e9tico real segundo o tipo de motor e como a instala\u00e7\u00e3o de um <a href=\"https:\/\/blizzcool.es\/ventilador-industrial\/techo\/\"><b data-path-to-node=\"19\" data-index-in-node=\"105\">ventilador industrial de teto<\/b><\/a> pode transformar a efici\u00eancia de um pavilh\u00e3o ou local comercial, reduzindo drasticamente os custos operacionais.<\/p>\n<h2 data-path-to-node=\"20\">Consumo por hora segundo o tipo de tecnologia<\/h2>\n<p data-path-to-node=\"21\">O gasto el\u00e9trico destes equipamentos n\u00e3o \u00e9 uniforme: est\u00e1 condicionado principalmente pela tecnologia do motor e pela velocidade de rota\u00e7\u00e3o selecionada.<\/p>\n<h3 data-path-to-node=\"22\">Motores AC vs. Motores DC<\/h3>\n<p id=\"p-rc_78f58609f03e4359-20\" data-path-to-node=\"23\"><span class=\"citation-12\">Os motores de corrente alternada (AC) costumam consumir entre <\/span><b data-path-to-node=\"23\" data-index-in-node=\"60\"><span class=\"citation-12\">60 W e 90 W<\/span><\/b><span class=\"citation-12 citation-end-12\"> na sua velocidade m\u00e1xima.<\/span> Pelo contr\u00e1rio, os motores DC (corrente cont\u00ednua), como os que integramos na nossa gama profissional, s\u00e3o capazes de mover grandes volumes de ar consumindo apenas <b data-path-to-node=\"23\" data-index-in-node=\"268\">5 W nas suas velocidades mais baixas e um m\u00e1ximo de 35-40 W<\/b>.<\/p>\n<h3 data-path-to-node=\"24\">Tabela de consumo energ\u00e9tico estimado dos ventiladores de teto<\/h3>\n<p data-path-to-node=\"25\">Para entender o impacto na fatura, observe esta comparativa baseada num pre\u00e7o m\u00e9dio da eletricidade de 0,20 \u20ac\/kWh:<\/p>\n<table data-path-to-node=\"26\">\n<thead>\n<tr>\n<td><strong>Dispositivo<\/strong><\/td>\n<td><strong>Consumo (W)<\/strong><\/td>\n<td><strong>Custo 8h\/dia<\/strong><\/td>\n<td><strong>Custo Mensal<\/strong><\/td>\n<\/tr>\n<\/thead>\n<tbody>\n<tr>\n<td><strong>Ventilador Teto DC<\/strong><\/td>\n<td><span data-path-to-node=\"26,1,1,0\">30 W<\/span><\/td>\n<td><span data-path-to-node=\"26,1,2,0\">0,048 \u20ac<\/span><\/td>\n<td><span data-path-to-node=\"26,1,3,0\">1,44 \u20ac<\/span><\/td>\n<\/tr>\n<tr>\n<td><strong>Ventilador Teto AC<\/strong><\/td>\n<td><span data-path-to-node=\"26,2,1,0\">75 W<\/span><\/td>\n<td><span data-path-to-node=\"26,2,2,0\">0,12 \u20ac<\/span><\/td>\n<td><span data-path-to-node=\"26,2,3,0\">3,60 \u20ac<\/span><\/td>\n<\/tr>\n<tr>\n<td><strong>Ar Condicionado<\/strong><\/td>\n<td><span data-path-to-node=\"26,3,1,0\">2.000 W<\/span><\/td>\n<td><span data-path-to-node=\"26,3,2,0\">3,20 \u20ac<\/span><\/td>\n<td><span data-path-to-node=\"26,3,3,0\">96,00 \u20ac<\/span><\/td>\n<\/tr>\n<\/tbody>\n<\/table>\n<p data-path-to-node=\"27\">Se procura maximizar o rendimento em espa\u00e7os de grande superf\u00edcie, os ventiladores para pavilh\u00f5es industriais de teto representam o investimento mais rent\u00e1vel, uma vez que cobrem \u00e1reas de at\u00e9 200 m\u00b2 com um consumo el\u00e9trico m\u00ednimo.<\/p>\n<p data-path-to-node=\"27\"><img loading=\"lazy\" decoding=\"async\" class=\"aligncenter wp-image-3815 size-large\" src=\"https:\/\/blizzcool.es\/wp-content\/uploads\/2026\/04\/ventilador-industrial-en-una-nave-llena-de-gene-1024x585.png\" alt=\"Armaz\u00e9m cheio de pessoas com um ventilador industrial\" width=\"1024\" height=\"585\"><\/p>\n<h2 data-path-to-node=\"28\">O impacto do consumo em ambientes industriais e grandes superf\u00edcies<\/h2>\n<p data-path-to-node=\"29\">Quando falamos de pavilh\u00f5es industriais, oficinas ou armaz\u00e9ns, o c\u00e1lculo do consumo muda de escala. O erro comum \u00e9 tentar refrigerar um espa\u00e7o grande com m\u00faltiplos ventiladores dom\u00e9sticos ou de p\u00e9. <\/p>\n<p data-path-to-node=\"30\">Um \u00fanico <b data-path-to-node=\"30\" data-index-in-node=\"8\">ventilador industrial de teto<\/b> de grande di\u00e2metro (tecnologia HVLS) pode deslocar a mesma quantidade de ar que 30 ou 40 ventiladores pequenos. Enquanto esses 40 ventiladores pequenos somariam um consumo pr\u00f3ximo dos 3 kW, um \u00fanico equipamento industrial de alta efici\u00eancia consome apenas <b data-path-to-node=\"30\" data-index-in-node=\"294\">0,4 kW a 0,8 kW<\/b>. <\/p>\n<h3 data-path-to-node=\"31\">Poupan\u00e7a atrav\u00e9s da distribui\u00e7\u00e3o uniforme do calor<\/h3>\n<p id=\"p-rc_78f58609f03e4359-21\" data-path-to-node=\"32\">Um dos maiores benef\u00edcios do uso de um <b data-path-to-node=\"32\" data-index-in-node=\"44\">ventilador industrial de teto<\/b> \u00e9 a sua capacidade de reduzir o gasto em aquecimento durante o inverno. Em tetos altos, o calor tende a acumular-se na parte superior. <span class=\"citation-11\">Ao girar a baixas rota\u00e7\u00f5es, estes equipamentos empurram o ar quente para o ch\u00e3o de forma homog\u00e9nea, permitindo uma poupan\u00e7a de at\u00e9 <\/span><b data-path-to-node=\"32\" data-index-in-node=\"356\"><span class=\"citation-11\">30 % na fatura de aquecimento.<\/span><\/b> <\/p>\n<h2 data-path-to-node=\"33\">Porqu\u00ea escolher ventiladores de teto industriais para a sua empresa?<\/h2>\n<p data-path-to-node=\"34\"><span class=\"citation-10 citation-end-10\">Na Blizzcool, especializamo-nos em motores DC Brushless (sem escovas).<\/span>  Esta tecnologia n\u00e3o s\u00f3 reduz o consumo el\u00e9trico abaixo dos padr\u00f5es do mercado, como elimina o atrito interno, o que se traduz em:<\/p>\n<ul>\n<li>\n<p data-path-to-node=\"35,0,0\"><b data-path-to-node=\"35,0,0\" data-index-in-node=\"0\"><span class=\"citation-9\">Manuten\u00e7\u00e3o nula:<\/span><\/b><span class=\"citation-9 citation-end-9\"> Ao n\u00e3o existirem escovas, n\u00e3o h\u00e1 desgaste por fric\u00e7\u00e3o.<\/span><\/p>\n<\/li>\n<li>\n<p data-path-to-node=\"35,1,0\"><b data-path-to-node=\"35,1,0\" data-index-in-node=\"0\">Sil\u00eancio absoluto:<\/b> Ideal para ambientes onde o conforto ac\u00fastico \u00e9 fundamental para a produtividade.<\/p>\n<\/li>\n<li data-path-to-node=\"35,2,0\"><b data-path-to-node=\"35,2,0\" data-index-in-node=\"0\">Controlo preciso:<\/b> Permitem regular a velocidade de forma milim\u00e9trica para adaptar o fluxo de ar \u00e0 necessidade t\u00e9rmica do momento.<\/li>\n<\/ul>\n<p><img loading=\"lazy\" decoding=\"async\" class=\"wp-image-3817 size-large aligncenter\" src=\"https:\/\/blizzcool.es\/wp-content\/uploads\/2026\/04\/primer-plano-de-un-ventilador-industrial-1024x585.png\" alt=\"Primeiro plano de um ventilador industrial dentro de um armaz\u00e9m\" width=\"1024\" height=\"585\"><\/p>\n<h2 data-path-to-node=\"36\">Factores que influenciam quanta eletricidade consome um ventilador de teto<\/h2>\n<p id=\"p-rc_78f58609f03e4359-24\" data-path-to-node=\"37\"><span class=\"citation-8 citation-end-8\">Nem tudo depende do motor.<\/span> <span class=\"citation-7 citation-end-7\">Existem vari\u00e1veis externas que determinam a efici\u00eancia do equipamento:<\/span><\/p>\n<ol start=\"1\" data-path-to-node=\"38\">\n<li>\n<p data-path-to-node=\"38,0,0\"><b data-path-to-node=\"38,0,0\" data-index-in-node=\"0\">Di\u00e2metro das p\u00e1s:<\/b> Quanto maior o tamanho, mais ar \u00e9 deslocado com menos rota\u00e7\u00f5es (e menos esfor\u00e7o do motor).<\/p>\n<\/li>\n<li>\n<p data-path-to-node=\"38,1,0\"><b data-path-to-node=\"38,1,0\" data-index-in-node=\"0\">Inclina\u00e7\u00e3o e material:<\/b> As p\u00e1s aerodin\u00e2micas de alum\u00ednio, presentes nos modelos industriais, minimizam a resist\u00eancia ao ar.<\/p>\n<\/li>\n<li>\n<p data-path-to-node=\"38,2,0\"><b data-path-to-node=\"38,2,0\" data-index-in-node=\"0\">Altura de instala\u00e7\u00e3o:<\/b> Um ventilador colocado \u00e0 altura correta otimiza o fluxo laminar, evitando que o motor trabalhe for\u00e7ado.<\/p>\n<\/li>\n<\/ol>\n<h2 data-path-to-node=\"39\">Melhore a efici\u00eancia do seu pavilh\u00e3o com ventiladores industriais da Blizzcool<\/h2>\n<p data-path-to-node=\"40\">Entender quanto consome um ventilador de teto \u00e9 o primeiro passo para otimizar os custos da sua empresa. N\u00e3o se trata apenas de &#8220;mover ar&#8221;, mas de criar um sistema inteligente de climatiza\u00e7\u00e3o que trabalhe a favor da sua rentabilidade. <\/p>\n<p data-path-to-node=\"41\">A nossa gama de <b data-path-to-node=\"41\" data-index-in-node=\"16\">ventiladores para pavilh\u00f5es industriais de teto<\/b> est\u00e1 desenhada para oferecer um caudal de at\u00e9 55.000 m\u00b3\/h com uma efici\u00eancia energ\u00e9tica l\u00edder no setor. Se procura reduzir a sua pegada de carbono e, ao mesmo tempo, diminuir as suas faturas mensais, a tecnologia de grande volume e baixa velocidade \u00e9 a solu\u00e7\u00e3o definitiva. <\/p>\n<p data-path-to-node=\"42\">Descubra como o <a class=\"ng-star-inserted\" href=\"https:\/\/blizzcool.es\/ventilador-industrial\/techo\/\" target=\"_blank\" rel=\"noopener\">ventilador industrial de teto<\/a> da Blizzcool pode transformar o seu espa\u00e7o de trabalho num ambiente mais fresco, produtivo e econ\u00f3mico.<\/p>\n","protected":false},"excerpt":{"rendered":"<p>Um ventilador de teto consome em m\u00e9dia entre 15 W e 90 W por hora, dependendo de se utiliza um [&hellip;]<\/p>\n","protected":false},"author":2,"featured_media":3928,"comment_status":"open","ping_status":"open","sticky":false,"template":"","format":"standard","meta":{"_acf_changed":false,"site-sidebar-layout":"default","site-content-layout":"","ast-site-content-layout":"default","site-content-style":"default","site-sidebar-style":"default","ast-global-header-display":"","ast-banner-title-visibility":"","ast-main-header-display":"","ast-hfb-above-header-display":"","ast-hfb-below-header-display":"","ast-hfb-mobile-header-display":"","site-post-title":"","ast-breadcrumbs-content":"","ast-featured-img":"","footer-sml-layout":"","ast-disable-related-posts":"","theme-transparent-header-meta":"default","adv-header-id-meta":"","stick-header-meta":"","header-above-stick-meta":"","header-main-stick-meta":"","header-below-stick-meta":"","astra-migrate-meta-layouts":"default","ast-page-background-enabled":"default","ast-page-background-meta":{"desktop":{"background-color":"var(--ast-global-color-5)","background-image":"","background-repeat":"repeat","background-position":"center center","background-size":"auto","background-attachment":"scroll","background-type":"","background-media":"","overlay-type":"","overlay-color":"","overlay-opacity":"","overlay-gradient":""},"tablet":{"background-color":"","background-image":"","background-repeat":"repeat","background-position":"center center","background-size":"auto","background-attachment":"scroll","background-type":"","background-media":"","overlay-type":"","overlay-color":"","overlay-opacity":"","overlay-gradient":""},"mobile":{"background-color":"","background-image":"","background-repeat":"repeat","background-position":"center center","background-size":"auto","background-attachment":"scroll","background-type":"","background-media":"","overlay-type":"","overlay-color":"","overlay-opacity":"","overlay-gradient":""}},"ast-content-background-meta":{"desktop":{"background-color":"var(--ast-global-color-4)","background-image":"","background-repeat":"repeat","background-position":"center center","background-size":"auto","background-attachment":"scroll","background-type":"","background-media":"","overlay-type":"","overlay-color":"","overlay-opacity":"","overlay-gradient":""},"tablet":{"background-color":"var(--ast-global-color-4)","background-image":"","background-repeat":"repeat","background-position":"center center","background-size":"auto","background-attachment":"scroll","background-type":"","background-media":"","overlay-type":"","overlay-color":"","overlay-opacity":"","overlay-gradient":""},"mobile":{"background-color":"var(--ast-global-color-4)","background-image":"","background-repeat":"repeat","background-position":"center center","background-size":"auto","background-attachment":"scroll","background-type":"","background-media":"","overlay-type":"","overlay-color":"","overlay-opacity":"","overlay-gradient":""}},"footnotes":""},"categories":[109],"tags":[94],"class_list":["post-3927","post","type-post","status-publish","format-standard","has-post-thumbnail","hentry","category-ventiladores","tag-concienciacion"],"acf":[],"_links":{"self":[{"href":"https:\/\/blizzcool.es\/pt-pt\/wp-json\/wp\/v2\/posts\/3927","targetHints":{"allow":["GET"]}}],"collection":[{"href":"https:\/\/blizzcool.es\/pt-pt\/wp-json\/wp\/v2\/posts"}],"about":[{"href":"https:\/\/blizzcool.es\/pt-pt\/wp-json\/wp\/v2\/types\/post"}],"author":[{"embeddable":true,"href":"https:\/\/blizzcool.es\/pt-pt\/wp-json\/wp\/v2\/users\/2"}],"replies":[{"embeddable":true,"href":"https:\/\/blizzcool.es\/pt-pt\/wp-json\/wp\/v2\/comments?post=3927"}],"version-history":[{"count":0,"href":"https:\/\/blizzcool.es\/pt-pt\/wp-json\/wp\/v2\/posts\/3927\/revisions"}],"wp:featuredmedia":[{"embeddable":true,"href":"https:\/\/blizzcool.es\/pt-pt\/wp-json\/wp\/v2\/media\/3928"}],"wp:attachment":[{"href":"https:\/\/blizzcool.es\/pt-pt\/wp-json\/wp\/v2\/media?parent=3927"}],"wp:term":[{"taxonomy":"category","embeddable":true,"href":"https:\/\/blizzcool.es\/pt-pt\/wp-json\/wp\/v2\/categories?post=3927"},{"taxonomy":"post_tag","embeddable":true,"href":"https:\/\/blizzcool.es\/pt-pt\/wp-json\/wp\/v2\/tags?post=3927"}],"curies":[{"name":"wp","href":"https:\/\/api.w.org\/{rel}","templated":true}]}}