{"id":3915,"date":"2026-04-21T15:12:03","date_gmt":"2026-04-21T15:12:03","guid":{"rendered":"https:\/\/blizzcool.es\/blog\/sem-categoria\/quanto-custa-instalar-um-ventilador-de-tecto\/"},"modified":"2026-04-21T15:12:03","modified_gmt":"2026-04-21T15:12:03","slug":"quanto-custa-instalar-um-ventilador-de-tecto","status":"publish","type":"post","link":"https:\/\/blizzcool.es\/pt-pt\/blog\/ventiladores\/quanto-custa-instalar-um-ventilador-de-tecto\/","title":{"rendered":"Quanto custa instalar um ventilador de tecto?"},"content":{"rendered":"<p class=\"font-claude-response-body break-words whitespace-normal leading-[1.7]\">Instalar um ventilador de tecto em Espanha tem um custo total que habitualmente se situa entre 100 \u20ac e 500 \u20ac, somando o pre\u00e7o do aparelho e a m\u00e3o de obra. Para um ventilador dom\u00e9stico padr\u00e3o com ponto de luz existente, o pre\u00e7o de instala\u00e7\u00e3o ronda os 50\u2013100 \u20ac. Para um ventilador industrial de grande di\u00e2metro numa nave com tecto alto, o or\u00e7amento muda de forma significativa.  <\/p>\n<p class=\"font-claude-response-body break-words whitespace-normal leading-[1.7]\">A varia\u00e7\u00e3o \u00e9 ampla porque depende de tr\u00eas vari\u00e1veis: o modelo de ventilador que escolher, as condi\u00e7\u00f5es do tecto onde ser\u00e1 instalado e se j\u00e1 existe um ponto de luz ou se \u00e9 necess\u00e1rio cri\u00e1-lo. De seguida, detalhamos cada um. <\/p>\n<h2 class=\"text-text-100 mt-3 -mb-1 text-[1.125rem] font-bold\">O pre\u00e7o do ventilador: a maior vari\u00e1vel do or\u00e7amento<\/h2>\n<p class=\"font-claude-response-body break-words whitespace-normal leading-[1.7]\">O aparelho costuma representar a maior parte do gasto total. Os intervalos indicativos para uso dom\u00e9stico s\u00e3o: <\/p>\n<div class=\"overflow-x-auto w-full px-2 mb-6\">\n<table class=\"min-w-full border-collapse text-sm leading-[1.7] whitespace-normal\">\n<thead class=\"text-left\">\n<tr>\n<th class=\"text-text-100 border-b-0.5 border-border-300\/60 py-2 pr-4 align-top font-bold\" scope=\"col\">Tipo de ventilador<\/th>\n<th class=\"text-text-100 border-b-0.5 border-border-300\/60 py-2 pr-4 align-top font-bold\" scope=\"col\">Pre\u00e7o indicativo<\/th>\n<\/tr>\n<\/thead>\n<tbody>\n<tr>\n<td class=\"border-b-0.5 border-border-300\/30 py-2 pr-4 align-top\">B\u00e1sico sem luz, uso dom\u00e9stico<\/td>\n<td class=\"border-b-0.5 border-border-300\/30 py-2 pr-4 align-top\"><strong>40 \u20ac \u2013 100 \u20ac<\/strong><\/td>\n<\/tr>\n<tr>\n<td class=\"border-b-0.5 border-border-300\/30 py-2 pr-4 align-top\">Com luz integrada ou design<\/td>\n<td class=\"border-b-0.5 border-border-300\/30 py-2 pr-4 align-top\"><strong>100 \u20ac \u2013 300 \u20ac<\/strong><\/td>\n<\/tr>\n<tr>\n<td class=\"border-b-0.5 border-border-300\/30 py-2 pr-4 align-top\">Premium ou grande di\u00e2metro dom\u00e9stico<\/td>\n<td class=\"border-b-0.5 border-border-300\/30 py-2 pr-4 align-top\"><strong>300 \u20ac \u2013 600 \u20ac<\/strong><\/td>\n<\/tr>\n<tr>\n<td class=\"border-b-0.5 border-border-300\/30 py-2 pr-4 align-top\">Industrial de tecto (grande di\u00e2metro)<\/td>\n<td class=\"border-b-0.5 border-border-300\/30 py-2 pr-4 align-top\"><strong>Desde 800 \u20ac<\/strong><\/td>\n<\/tr>\n<\/tbody>\n<\/table>\n<\/div>\n<p class=\"font-claude-response-body break-words whitespace-normal leading-[1.7]\">Os ventiladores industriais de tecto de grande di\u00e2metro, concebidos para mover grandes volumes de ar em naves, oficinas ou grandes superf\u00edcies, t\u00eam um intervalo de pre\u00e7o pr\u00f3prio que n\u00e3o partilha nada com o mercado dom\u00e9stico. O motor, os materiais e a engenharia necess\u00e1ria para funcionar de forma cont\u00ednua durante anos em ambientes exigentes justificam essa diferen\u00e7a. <\/p>\n<h2 class=\"text-text-100 mt-3 -mb-1 text-[1.125rem] font-bold\">O custo da m\u00e3o de obra: o que o torna mais caro<\/h2>\n<p class=\"font-claude-response-body break-words whitespace-normal leading-[1.7]\">Um eletricista cobra entre 30 e 50 \u20ac\/hora na maioria das prov\u00edncias espanholas. Uma instala\u00e7\u00e3o dom\u00e9stica padr\u00e3o, com ponto de luz existente e tecto de altura normal, leva entre 1 e 2 horas. O custo da m\u00e3o de obra, portanto, ronda os 50\u2013100 \u20ac em condi\u00e7\u00f5es normais.  <\/p>\n<p class=\"font-claude-response-body break-words whitespace-normal leading-[1.7]\">H\u00e1 fatores que aumentam esse tempo e esse custo:<\/p>\n<p class=\"font-claude-response-body break-words whitespace-normal leading-[1.7]\">O <strong>tipo de tecto<\/strong> importa. Um tecto falso de pladur requer a localiza\u00e7\u00e3o da estrutura para ancorar com seguran\u00e7a o ventilador. Um tecto de bet\u00e3o pode necessitar de berbequim de percuss\u00e3o e buchas especiais. Ambos adicionam tempo.   <\/p>\n<p class=\"font-claude-response-body break-words whitespace-normal leading-[1.7]\">A <strong>altura do tecto<\/strong> \u00e9 o fator mais determinante em instala\u00e7\u00f5es industriais. Numa habita\u00e7\u00e3o com 2,5 metros de altura, um eletricista trabalha a partir de um escadote. Numa nave com 6, 8 ou 10 metros de altura, a instala\u00e7\u00e3o requer uma plataforma elevat\u00f3ria ou um andaime, cujo aluguer pode representar um custo adicional de 100\u2013300 \u20ac ou mais, dependendo do dia e da zona.  <\/p>\n<p class=\"font-claude-response-body break-words whitespace-normal leading-[1.7]\">A <strong>haste extensora<\/strong> \u00e9 necess\u00e1ria quando o tecto \u00e9 muito alto e as p\u00e1s ficam demasiado longe do ch\u00e3o para serem eficazes. Adicionar uma haste prolonga o tempo de montagem e pode requerer material adicional. <\/p>\n<p><img loading=\"lazy\" decoding=\"async\" class=\"aligncenter wp-image-3836 size-large\" src=\"https:\/\/blizzcool.es\/wp-content\/uploads\/2026\/04\/Las-manos-de-un-tecnico-instalando-un-ventilador-industrial-1024x585.png\" alt=\"t\u00e9cnico a instalar ventilador de tecto industrial\" width=\"1024\" height=\"585\"><\/p>\n<h3 class=\"text-text-100 mt-3 -mb-1 text-[1.125rem] font-bold\">Quando \u00e9 necess\u00e1rio criar um ponto de luz para instalar o ventilador?<\/h3>\n<p class=\"font-claude-response-body break-words whitespace-normal leading-[1.7]\">Se no tecto j\u00e1 existe um ponto de luz instalado (onde antes havia um candeeiro, por exemplo), a instala\u00e7\u00e3o do ventilador \u00e9 direta: retira-se o candeeiro e liga-se o ventilador no seu lugar. \u00c9 a situa\u00e7\u00e3o mais simples e econ\u00f3mica. <\/p>\n<p class=\"font-claude-response-body break-words whitespace-normal leading-[1.7]\">Se n\u00e3o existe ponto de luz, \u00e9 necess\u00e1rio lev\u00e1-lo at\u00e9 ao tecto a partir da caixa de deriva\u00e7\u00e3o mais pr\u00f3xima. Isto implica abrir ro\u00e7os na parede e no tecto, passar cablagem, fechar e retocar. O custo adicional situa-se entre 80 e 150 \u20ac dependendo do percurso e da complexidade, e o tempo de trabalho prolonga-se consideravelmente.  <\/p>\n<p class=\"font-claude-response-body break-words whitespace-normal leading-[1.7]\">Uma alternativa mais simples e econ\u00f3mica para casos pontuais \u00e9 ligar o ventilador atrav\u00e9s de cabo t\u00eaxtil decorativo a uma tomada pr\u00f3xima, embora nem sempre seja vi\u00e1vel nem est\u00e9tico em todos os ambientes.<\/p>\n<h3 class=\"text-text-100 mt-3 -mb-1 text-[1.125rem] font-bold\">Instala\u00e7\u00e3o de ventiladores de tecto em naves e grandes espa\u00e7os<\/h3>\n<p class=\"font-claude-response-body break-words whitespace-normal leading-[1.7]\">A instala\u00e7\u00e3o de <a class=\"underline underline underline-offset-2 decoration-1 decoration-current\/40 hover:decoration-current focus:decoration-current\" href=\"https:\/\/blizzcool.es\/ventilador-industrial\/techo\/\">ventiladores de tecto para grandes espa\u00e7os<\/a> \u00e9 um processo diferente do dom\u00e9stico em quase todos os aspetos: o peso do equipamento \u00e9 maior, o di\u00e2metro das p\u00e1s pode exceder os dois metros, a altura de trabalho requer meios de eleva\u00e7\u00e3o e a ancoragem estrutural ao tecto da nave deve ser calculada para suportar tanto o peso est\u00e1tico como as vibra\u00e7\u00f5es em funcionamento cont\u00ednuo.<\/p>\n<p class=\"font-claude-response-body break-words whitespace-normal leading-[1.7]\">Nestes ambientes, o custo de instala\u00e7\u00e3o por unidade \u00e9 mais dif\u00edcil de padronizar porque depende de vari\u00e1veis muito espec\u00edficas: altura real do tecto, tipo de estrutura (vigas met\u00e1licas, bet\u00e3o, madeira), acessibilidade e dist\u00e2ncia ao quadro el\u00e9trico. O habitual \u00e9 solicitar um or\u00e7amento \u00e0 medida que contemple tanto o fornecimento do equipamento como a instala\u00e7\u00e3o. <\/p>\n<p><img loading=\"lazy\" decoding=\"async\" class=\"aligncenter wp-image-3834 size-large\" src=\"https:\/\/blizzcool.es\/wp-content\/uploads\/2026\/04\/Primer-plano-de-un-ventilador-industrial-1-1024x585.png\" alt=\"ventilador de tecto em nave industrial\" width=\"1024\" height=\"585\"><\/p>\n<h3 class=\"text-text-100 mt-3 -mb-1 text-[1.125rem] font-bold\">Quantos ventiladores de tecto o seu espa\u00e7o necessita?<\/h3>\n<p class=\"font-claude-response-body break-words whitespace-normal leading-[1.7]\">Em instala\u00e7\u00f5es industriais, raramente se instala uma \u00fanica unidade. A cobertura real de cada ventilador depende do seu di\u00e2metro e da altura de montagem, mas como refer\u00eancia indicativa um ventilador industrial de tecto de 200 cm de di\u00e2metro instalado a 6 metros de altura pode cobrir de forma efetiva entre 200 e 400 m\u00b2 consoante o modelo. <\/p>\n<p class=\"font-claude-response-body break-words whitespace-normal leading-[1.7]\">Para uma nave de 1.000 m\u00b2, portanto, a instala\u00e7\u00e3o t\u00edpica contempla entre 3 e 6 unidades distribu\u00eddas de forma homog\u00e9nea. Esse \u00e9 o tipo de planeamento que conv\u00e9m fazer antes de comprar, porque o n\u00famero de unidades e a sua disposi\u00e7\u00e3o determinam tanto o resultado final como o custo total do projeto. <\/p>\n<h3 class=\"text-text-100 mt-3 -mb-1 text-[1.125rem] font-bold\">Coisas a ter em conta antes de escolher o ventilador de tecto<\/h3>\n<p class=\"font-claude-response-body break-words whitespace-normal leading-[1.7]\">O custo de instala\u00e7\u00e3o \u00e9 um crit\u00e9rio importante, mas n\u00e3o deveria ser o primeiro. Um ventilador mal dimensionado para o espa\u00e7o, ainda que seja mais barato de instalar, n\u00e3o resolver\u00e1 o problema de calor e acabar\u00e1 por ser um investimento perdido. <\/p>\n<p class=\"font-claude-response-body break-words whitespace-normal leading-[1.7]\">Antes de or\u00e7amentar a instala\u00e7\u00e3o, conv\u00e9m ter claro o di\u00e2metro adequado para os metros quadrados do espa\u00e7o, a altura de montagem real e o tipo de uso que o equipamento ter\u00e1. Se tiver d\u00favidas sobre qual o modelo que melhor se adapta \u00e0 sua nave ou instala\u00e7\u00e3o, no guia sobre <a class=\"underline underline underline-offset-2 decoration-1 decoration-current\/40 hover:decoration-current focus:decoration-current\" href=\"https:\/\/blizzcool.es\/blog\/ventiladores\/como-elegir-ventilador-de-techo\/\">como escolher adequadamente um ventilador de tecto<\/a> encontrar\u00e1 os crit\u00e9rios ordenados. E se o que necessita \u00e9 de um or\u00e7amento concreto para a sua instala\u00e7\u00e3o, pode contactar-nos diretamente.  <\/p>\n","protected":false},"excerpt":{"rendered":"<p>Instalar um ventilador de tecto em Espanha tem um custo total que habitualmente se situa entre 100 \u20ac e 500 [&hellip;]<\/p>\n","protected":false},"author":2,"featured_media":3917,"comment_status":"open","ping_status":"open","sticky":false,"template":"","format":"standard","meta":{"_acf_changed":false,"site-sidebar-layout":"default","site-content-layout":"","ast-site-content-layout":"default","site-content-style":"default","site-sidebar-style":"default","ast-global-header-display":"","ast-banner-title-visibility":"","ast-main-header-display":"","ast-hfb-above-header-display":"","ast-hfb-below-header-display":"","ast-hfb-mobile-header-display":"","site-post-title":"","ast-breadcrumbs-content":"","ast-featured-img":"","footer-sml-layout":"","ast-disable-related-posts":"","theme-transparent-header-meta":"default","adv-header-id-meta":"","stick-header-meta":"","header-above-stick-meta":"","header-main-stick-meta":"","header-below-stick-meta":"","astra-migrate-meta-layouts":"default","ast-page-background-enabled":"default","ast-page-background-meta":{"desktop":{"background-color":"var(--ast-global-color-5)","background-image":"","background-repeat":"repeat","background-position":"center center","background-size":"auto","background-attachment":"scroll","background-type":"","background-media":"","overlay-type":"","overlay-color":"","overlay-opacity":"","overlay-gradient":""},"tablet":{"background-color":"","background-image":"","background-repeat":"repeat","background-position":"center center","background-size":"auto","background-attachment":"scroll","background-type":"","background-media":"","overlay-type":"","overlay-color":"","overlay-opacity":"","overlay-gradient":""},"mobile":{"background-color":"","background-image":"","background-repeat":"repeat","background-position":"center center","background-size":"auto","background-attachment":"scroll","background-type":"","background-media":"","overlay-type":"","overlay-color":"","overlay-opacity":"","overlay-gradient":""}},"ast-content-background-meta":{"desktop":{"background-color":"var(--ast-global-color-4)","background-image":"","background-repeat":"repeat","background-position":"center center","background-size":"auto","background-attachment":"scroll","background-type":"","background-media":"","overlay-type":"","overlay-color":"","overlay-opacity":"","overlay-gradient":""},"tablet":{"background-color":"var(--ast-global-color-4)","background-image":"","background-repeat":"repeat","background-position":"center center","background-size":"auto","background-attachment":"scroll","background-type":"","background-media":"","overlay-type":"","overlay-color":"","overlay-opacity":"","overlay-gradient":""},"mobile":{"background-color":"var(--ast-global-color-4)","background-image":"","background-repeat":"repeat","background-position":"center center","background-size":"auto","background-attachment":"scroll","background-type":"","background-media":"","overlay-type":"","overlay-color":"","overlay-opacity":"","overlay-gradient":""}},"footnotes":""},"categories":[109],"tags":[95],"class_list":["post-3915","post","type-post","status-publish","format-standard","has-post-thumbnail","hentry","category-ventiladores","tag-consideracion"],"acf":[],"_links":{"self":[{"href":"https:\/\/blizzcool.es\/pt-pt\/wp-json\/wp\/v2\/posts\/3915","targetHints":{"allow":["GET"]}}],"collection":[{"href":"https:\/\/blizzcool.es\/pt-pt\/wp-json\/wp\/v2\/posts"}],"about":[{"href":"https:\/\/blizzcool.es\/pt-pt\/wp-json\/wp\/v2\/types\/post"}],"author":[{"embeddable":true,"href":"https:\/\/blizzcool.es\/pt-pt\/wp-json\/wp\/v2\/users\/2"}],"replies":[{"embeddable":true,"href":"https:\/\/blizzcool.es\/pt-pt\/wp-json\/wp\/v2\/comments?post=3915"}],"version-history":[{"count":0,"href":"https:\/\/blizzcool.es\/pt-pt\/wp-json\/wp\/v2\/posts\/3915\/revisions"}],"wp:featuredmedia":[{"embeddable":true,"href":"https:\/\/blizzcool.es\/pt-pt\/wp-json\/wp\/v2\/media\/3917"}],"wp:attachment":[{"href":"https:\/\/blizzcool.es\/pt-pt\/wp-json\/wp\/v2\/media?parent=3915"}],"wp:term":[{"taxonomy":"category","embeddable":true,"href":"https:\/\/blizzcool.es\/pt-pt\/wp-json\/wp\/v2\/categories?post=3915"},{"taxonomy":"post_tag","embeddable":true,"href":"https:\/\/blizzcool.es\/pt-pt\/wp-json\/wp\/v2\/tags?post=3915"}],"curies":[{"name":"wp","href":"https:\/\/api.w.org\/{rel}","templated":true}]}}