{"id":3907,"date":"2026-04-22T14:37:43","date_gmt":"2026-04-22T14:37:43","guid":{"rendered":"https:\/\/blizzcool.es\/blog\/sem-categoria\/ventilador-ou-ar-condicionado-qual-consome-mais-e-quanto-lhe-custa-por-mes\/"},"modified":"2026-04-22T14:37:43","modified_gmt":"2026-04-22T14:37:43","slug":"ventilador-ou-ar-condicionado-qual-consome-mais-e-quanto-lhe-custa-por-mes","status":"publish","type":"post","link":"https:\/\/blizzcool.es\/pt-pt\/blog\/ventiladores\/ventilador-ou-ar-condicionado-qual-consome-mais-e-quanto-lhe-custa-por-mes\/","title":{"rendered":"Ventilador ou ar condicionado: qual consome mais e quanto lhe custa por m\u00eas"},"content":{"rendered":"<div>\n<div class=\"standard-markdown grid-cols-1 grid [&amp;_&gt;_*]:min-w-0 gap-3\">\n<p class=\"font-claude-response-body break-words whitespace-normal leading-[1.7]\">O ar condicionado consome entre 10 e 20 vezes mais do que um ventilador. Um ventilador dom\u00e9stico trabalha com 30\u2013120 W; um industrial pode chegar a 400 W nos seus modelos mais potentes. Um ar condicionado split de uso m\u00e9dio consome entre 800 e 2.000 W. A diferen\u00e7a em watts \u00e9 grande, mas a diferen\u00e7a em euros por m\u00eas \u00e9 ainda mais not\u00f3ria, e \u00e9 isso que conv\u00e9m entender antes de decidir como refrigerar um espa\u00e7o.  <\/p>\n<\/div>\n<\/div>\n<div>\n<div class=\"standard-markdown grid-cols-1 grid [&amp;_&gt;_*]:min-w-0 gap-3\">\n<p class=\"font-claude-response-body break-words whitespace-normal leading-[1.7]\">Se gere um pavilh\u00e3o, uma oficina ou um armaz\u00e9m, a pergunta n\u00e3o \u00e9 apenas qual gasta mais: \u00e9 qual resolve melhor o problema de calor com o menor custo operacional. Nesse ponto, os <a class=\"underline underline underline-offset-2 decoration-1 decoration-current\/40 hover:decoration-current focus:decoration-current\" href=\"https:\/\/blizzcool.es\/ventilador-industrial\/\">ventiladores industriais para pavilh\u00f5es<\/a> mudam por completo a equa\u00e7\u00e3o em rela\u00e7\u00e3o ao que um equipamento dom\u00e9stico pode oferecer. <\/p>\n<\/div>\n<\/div>\n<h2 class=\"text-text-100 mt-3 -mb-1 text-[1.125rem] font-bold\">A diferen\u00e7a de consumo em n\u00fameros<\/h2>\n<p class=\"font-claude-response-body break-words whitespace-normal leading-[1.7]\">Um ventilador move o ar; o ar condicionado muda a sua temperatura. Essa diferen\u00e7a de fun\u00e7\u00e3o \u00e9 a que explica toda a lacuna energ\u00e9tica entre ambos os aparelhos. <\/p>\n<p class=\"font-claude-response-body break-words whitespace-normal leading-[1.7]\">Para que os n\u00fameros sejam \u00fateis, conv\u00e9m fixar um pre\u00e7o indicativo do kWh. Em Espanha, durante 2024 e 2025, o pre\u00e7o m\u00e9dio do kWh para consumidores dom\u00e9sticos e pequenas empresas situou-se em torno de 0,18\u20130,22 \u20ac\/kWh, segundo dados da CNMC. Com esse pre\u00e7o como refer\u00eancia:  <\/p>\n<div class=\"overflow-x-auto w-full px-2 mb-6\">\n<table class=\"min-w-full border-collapse text-sm leading-[1.7] whitespace-normal\">\n<thead class=\"text-left\">\n<tr>\n<th class=\"text-text-100 border-b-0.5 border-border-300\/60 py-2 pr-4 align-top font-bold\" scope=\"col\">Aparelho<\/th>\n<th class=\"text-text-100 border-b-0.5 border-border-300\/60 py-2 pr-4 align-top font-bold\" scope=\"col\">Consumo m\u00e9dio (W)<\/th>\n<th class=\"text-text-100 border-b-0.5 border-border-300\/60 py-2 pr-4 align-top font-bold\" scope=\"col\">Custo por hora (\u20ac)<\/th>\n<th class=\"text-text-100 border-b-0.5 border-border-300\/60 py-2 pr-4 align-top font-bold\" scope=\"col\">Custo mensal (8 h\/dia, 30 dias)<\/th>\n<\/tr>\n<\/thead>\n<tbody>\n<tr>\n<td class=\"border-b-0.5 border-border-300\/30 py-2 pr-4 align-top\">Ventilador de mesa<\/td>\n<td class=\"border-b-0.5 border-border-300\/30 py-2 pr-4 align-top\">30\u201350 W<\/td>\n<td class=\"border-b-0.5 border-border-300\/30 py-2 pr-4 align-top\">~0,008 \u20ac<\/td>\n<td class=\"border-b-0.5 border-border-300\/30 py-2 pr-4 align-top\">~1,9 \u20ac<\/td>\n<\/tr>\n<tr>\n<td class=\"border-b-0.5 border-border-300\/30 py-2 pr-4 align-top\">Ventilador de p\u00e9 dom\u00e9stico<\/td>\n<td class=\"border-b-0.5 border-border-300\/30 py-2 pr-4 align-top\">60\u2013100 W<\/td>\n<td class=\"border-b-0.5 border-border-300\/30 py-2 pr-4 align-top\">~0,018 \u20ac<\/td>\n<td class=\"border-b-0.5 border-border-300\/30 py-2 pr-4 align-top\">~4,3 \u20ac<\/td>\n<\/tr>\n<tr>\n<td class=\"border-b-0.5 border-border-300\/30 py-2 pr-4 align-top\">Ventilador industrial de ch\u00e3o<\/td>\n<td class=\"border-b-0.5 border-border-300\/30 py-2 pr-4 align-top\">150\u2013400 W<\/td>\n<td class=\"border-b-0.5 border-border-300\/30 py-2 pr-4 align-top\">~0,055 \u20ac<\/td>\n<td class=\"border-b-0.5 border-border-300\/30 py-2 pr-4 align-top\">~13,2 \u20ac<\/td>\n<\/tr>\n<tr>\n<td class=\"border-b-0.5 border-border-300\/30 py-2 pr-4 align-top\">Ar condicionado split (inverter)<\/td>\n<td class=\"border-b-0.5 border-border-300\/30 py-2 pr-4 align-top\">800\u20131.200 W<\/td>\n<td class=\"border-b-0.5 border-border-300\/30 py-2 pr-4 align-top\">~0,20 \u20ac<\/td>\n<td class=\"border-b-0.5 border-border-300\/30 py-2 pr-4 align-top\">~48 \u20ac<\/td>\n<\/tr>\n<tr>\n<td class=\"border-b-0.5 border-border-300\/30 py-2 pr-4 align-top\">Ar condicionado split (n\u00e3o inverter)<\/td>\n<td class=\"border-b-0.5 border-border-300\/30 py-2 pr-4 align-top\">1.500\u20132.000 W<\/td>\n<td class=\"border-b-0.5 border-border-300\/30 py-2 pr-4 align-top\">~0,35 \u20ac<\/td>\n<td class=\"border-b-0.5 border-border-300\/30 py-2 pr-4 align-top\">~84 \u20ac<\/td>\n<\/tr>\n<tr>\n<td class=\"border-b-0.5 border-border-300\/30 py-2 pr-4 align-top\">Ar condicionado industrial<\/td>\n<td class=\"border-b-0.5 border-border-300\/30 py-2 pr-4 align-top\">2.000\u20134.000 W<\/td>\n<td class=\"border-b-0.5 border-border-300\/30 py-2 pr-4 align-top\">~0,60 \u20ac<\/td>\n<td class=\"border-b-0.5 border-border-300\/30 py-2 pr-4 align-top\">~144 \u20ac<\/td>\n<\/tr>\n<\/tbody>\n<\/table>\n<\/div>\n<p class=\"font-claude-response-body break-words whitespace-normal leading-[1.7]\"><em>Estimativa a 0,20 \u20ac\/kWh, 8 horas di\u00e1rias durante 30 dias.<\/em><\/p>\n<p class=\"font-claude-response-body break-words whitespace-normal leading-[1.7]\">A conclus\u00e3o \u00e9 clara: mesmo um ventilador industrial de ch\u00e3o de 400 W gasta menos num m\u00eas do que qualquer ar condicionado a funcionar a meia pot\u00eancia. E se o calcular com uso noturno inclu\u00eddo, as 8 horas de um ventilador de p\u00e9 ligado toda a noite representam apenas 0,14\u20130,17 euros, o que mal altera o valor mensal. <\/p>\n<p data-path-to-node=\"21\"><img loading=\"lazy\" decoding=\"async\" class=\"aligncenter wp-image-3798 size-large\" src=\"https:\/\/blizzcool.es\/wp-content\/uploads\/2026\/04\/aire-acondicionado-blizzcool-1024x585.png\" alt=\"Ar condicionado industrial marca Blizzcool\" width=\"1024\" height=\"585\"><\/p>\n<h2 class=\"text-text-100 mt-3 -mb-1 text-[1.125rem] font-bold\">Quanto gasta um ventilador consoante o seu tipo<\/h2>\n<p class=\"font-claude-response-body break-words whitespace-normal leading-[1.7]\">Nem todos os ventiladores t\u00eam o mesmo consumo, e as diferen\u00e7as entre modelos s\u00e3o relevantes na hora de planear o custo real de uso.<\/p>\n<p class=\"font-claude-response-body break-words whitespace-normal leading-[1.7]\">Os <strong>ventiladores de mesa ou de secret\u00e1ria<\/strong> s\u00e3o os mais eficientes em consumo absoluto: entre 30 e 50 W. Suficientes para uma pessoa num espa\u00e7o reduzido, mas sem capacidade de cobrir superf\u00edcies amplas.<\/p>\n<p class=\"font-claude-response-body break-words whitespace-normal leading-[1.7]\">Os <strong>ventiladores de p\u00e9 dom\u00e9sticos<\/strong> trabalham entre 60 e 120 W. S\u00e3o a op\u00e7\u00e3o mais habitual em lares e pequenos escrit\u00f3rios. Um uso de 8 horas di\u00e1rias durante todo o ver\u00e3o (90 dias) representa um custo el\u00e9trico total entre 8 e 20 euros. <\/p>\n<p class=\"font-claude-response-body break-words whitespace-normal leading-[1.7]\">Os <strong>ventiladores de teto<\/strong> variam entre 15 e 75 W, dependendo do motor. Os modelos com motor DC s\u00e3o especialmente eficientes e podem consumir at\u00e9 70% menos do que um motor AC convencional equivalente, o que os torna a op\u00e7\u00e3o com melhor rela\u00e7\u00e3o desempenho\/consumo para divis\u00f5es de tamanho m\u00e9dio. <\/p>\n<p class=\"font-claude-response-body break-words whitespace-normal leading-[1.7]\">Os <strong>ventiladores industriais<\/strong>, concebidos para mover grandes volumes de ar em espa\u00e7os amplos, t\u00eam consumos mais elevados em termos absolutos (entre 150 W e mais de 1.000 W nos modelos de maior di\u00e2metro), mas a efici\u00eancia por metro quadrado coberto \u00e9 muito superior a qualquer ventilador dom\u00e9stico. Mover o ar num pavilh\u00e3o de 500 m\u00b2 com um ventilador industrial de 400 W \u00e9 energeticamente muito mais eficiente do que tentar faz\u00ea-lo com dez ventiladores de p\u00e9 dom\u00e9sticos, somando 1.000 W no total. <\/p>\n<h2 class=\"text-text-100 mt-3 -mb-1 text-[1.125rem] font-bold\">Quanto consome o ar condicionado na pr\u00e1tica<\/h2>\n<p class=\"font-claude-response-body break-words whitespace-normal leading-[1.7]\">O consumo de um ar condicionado varia muito consoante o modelo, a tecnologia e as condi\u00e7\u00f5es de uso, mas h\u00e1 alguns fatores que conv\u00e9m ter claros.<\/p>\n<p class=\"font-claude-response-body break-words whitespace-normal leading-[1.7]\">A <strong>tecnologia inverter<\/strong> \u00e9 determinante. Um equipamento inverter ajusta a sua pot\u00eancia em fun\u00e7\u00e3o da temperatura do ambiente, evitando os arranques cont\u00ednuos que disparam o consumo. Um split inverter de 2.500 frigorias pode consumir, em condi\u00e7\u00f5es reais de uso moderado, entre <strong>600 e 900 W<\/strong>, claramente abaixo dos 1.500\u20132.000 W de um equipamento n\u00e3o inverter equivalente.  <\/p>\n<p class=\"font-claude-response-body break-words whitespace-normal leading-[1.7]\">A <strong>temperatura exterior<\/strong> tamb\u00e9m pesa muito. Quando l\u00e1 fora est\u00e3o 38\u201340 \u00b0C, o equipamento trabalha ao m\u00e1ximo durante mais tempo para manter os 24\u201325 \u00b0C interiores que o Instituto para a Diversifica\u00e7\u00e3o e Poupan\u00e7a de Energia (IDAE) indica como temperatura de conforto recomendada no ver\u00e3o. Isso significa que, nos dias de maior calor, o consumo real do ar condicionado pode duplicar a estimativa m\u00e9dia.  <\/p>\n<p class=\"font-claude-response-body break-words whitespace-normal leading-[1.7]\">Finalmente, a <strong>manuten\u00e7\u00e3o<\/strong> influencia mais do que parece. Filtros sujos obrigam o equipamento a trabalhar com mais esfor\u00e7o para mover o mesmo volume de ar, o que aumenta o consumo sem aumentar o desempenho. <\/p>\n<h2>E se o espa\u00e7o for um pavilh\u00e3o ou um grande armaz\u00e9m?<\/h2>\n<p class=\"font-claude-response-body break-words whitespace-normal leading-[1.7]\">Refrigerar um pavilh\u00e3o industrial de 800 m\u00b2 com ar condicionado implica equipamentos de grande pot\u00eancia que podem disparar a fatura el\u00e9trica em v\u00e1rias centenas de euros por m\u00eas s\u00f3 em climatiza\u00e7\u00e3o. A isto soma-se um problema f\u00edsico que qualquer pessoa que tenha trabalhado num pavilh\u00e3o conhece bem: em espa\u00e7os com tetos altos, o ar frio fica nas zonas baixas enquanto o calor se acumula em cima, o que torna muito dif\u00edcil manter uma temperatura homog\u00e9nea por muito que o equipamento trabalhe. <\/p>\n<p class=\"font-claude-response-body break-words whitespace-normal leading-[1.7]\">Nestes ambientes, os <a class=\"underline underline underline-offset-2 decoration-1 decoration-current\/40 hover:decoration-current focus:decoration-current\" href=\"https:\/\/blizzcool.es\/ventilador-industrial\/suelo\/\">ventiladores industriais de ch\u00e3o port\u00e1teis<\/a> s\u00e3o uma solu\u00e7\u00e3o habitual por duas raz\u00f5es. A primeira \u00e9 o custo operacional: um ventilador de 400 W a funcionar durante uma jornada de trabalho de 10 horas consome cerca de 4 kWh por dia, menos de um euro. A segunda \u00e9 a efic\u00e1cia real em climas mediterr\u00e2nicos como o de grande parte de Espanha, onde o calor \u00e9 seco: ao mover grandes volumes de ar, o suor evapora-se rapidamente e a perce\u00e7\u00e3o de calor diminui v\u00e1rios graus, tornando o ambiente de trabalho toler\u00e1vel sem necessidade de baixar a temperatura do local.  <\/p>\n<p data-path-to-node=\"30\"><img loading=\"lazy\" decoding=\"async\" class=\"aligncenter wp-image-3802 size-large\" src=\"https:\/\/blizzcool.es\/wp-content\/uploads\/2026\/04\/ventilador-de-suelo-industrial-1024x585.png\" alt=\"ventilador de ch\u00e3o marca Blizzcool\" width=\"1024\" height=\"585\"><\/p>\n<h2 class=\"text-text-100 mt-3 -mb-1 text-[1.125rem] font-bold\">Quando faz sentido combinar ventilador e ar condicionado<\/h2>\n<p class=\"font-claude-response-body break-words whitespace-normal leading-[1.7]\">Os dois sistemas n\u00e3o s\u00e3o exclusivos. De facto, usados corretamente em conjunto, podem reduzir o consumo total de climatiza\u00e7\u00e3o. <\/p>\n<p class=\"font-claude-response-body break-words whitespace-normal leading-[1.7]\">Quando o ar condicionado est\u00e1 ligado, um ventilador ajuda a distribuir o ar frio de forma mais homog\u00e9nea pelo espa\u00e7o, o que permite subir o termostato 1 ou 2 graus sem perder a sensa\u00e7\u00e3o de conforto. Segundo o IDAE, subir o termostato do ar condicionado um grau representa aproximadamente 8% de poupan\u00e7a no consumo. Isso significa que combinar ambos os sistemas de forma inteligente pode reduzir o custo total em rela\u00e7\u00e3o a usar apenas o ar condicionado.  <\/p>\n<p class=\"font-claude-response-body break-words whitespace-normal leading-[1.7]\">Em espa\u00e7os grandes, a estrat\u00e9gia mais eficiente costuma ser usar ventiladores industriais para melhorar a circula\u00e7\u00e3o geral do ar e o ar condicionado apenas em zonas espec\u00edficas de trabalho ou descanso onde \u00e9 exigido um n\u00edvel de conforto mais elevado.<\/p>\n<h2 class=\"text-text-100 mt-3 -mb-1 text-[1.125rem] font-bold\">Ventiladores industriais que fazem a diferen\u00e7a em grandes espa\u00e7os<\/h2>\n<p class=\"font-claude-response-body break-words whitespace-normal leading-[1.7]\">Se trabalha num pavilh\u00e3o, armaz\u00e9m, oficina ou qualquer espa\u00e7o amplo onde o calor afeta o desempenho e o bem-estar das pessoas, a compara\u00e7\u00e3o entre ventilador e ar condicionado tem uma resposta bastante clara do ponto de vista econ\u00f3mico: o ventilador industrial consome uma fra\u00e7\u00e3o do que consome qualquer equipamento de climatiza\u00e7\u00e3o e, bem dimensionado, proporciona condi\u00e7\u00f5es de trabalho aceit\u00e1veis mesmo nos dias mais quentes.<\/p>\n<p class=\"font-claude-response-body break-words whitespace-normal leading-[1.7]\">Na Blizzcool, trabalhamos h\u00e1 anos com empresas que procuram precisamente isso: manter as suas instala\u00e7\u00f5es a uma temperatura toler\u00e1vel sem disparar a fatura energ\u00e9tica. Os nossos <a class=\"underline underline underline-offset-2 decoration-1 decoration-current\/40 hover:decoration-current focus:decoration-current\" href=\"https:\/\/blizzcool.es\/ventilador-industrial\/\">ventiladores industriais para pavilh\u00f5es<\/a> s\u00e3o concebidos para mover grandes volumes de ar com motores eficientes e uma constru\u00e7\u00e3o pensada para o uso cont\u00ednuo em ambientes exigentes. Se quiser saber qual o modelo que melhor se adapta ao seu espa\u00e7o, pode consultar o nosso cat\u00e1logo ou contactar-nos diretamente.  <\/p>\n","protected":false},"excerpt":{"rendered":"<p>O ar condicionado consome entre 10 e 20 vezes mais do que um ventilador. Um ventilador dom\u00e9stico trabalha com 30\u2013120 [&hellip;]<\/p>\n","protected":false},"author":2,"featured_media":3908,"comment_status":"open","ping_status":"open","sticky":false,"template":"","format":"standard","meta":{"_acf_changed":false,"site-sidebar-layout":"default","site-content-layout":"","ast-site-content-layout":"default","site-content-style":"default","site-sidebar-style":"default","ast-global-header-display":"","ast-banner-title-visibility":"","ast-main-header-display":"","ast-hfb-above-header-display":"","ast-hfb-below-header-display":"","ast-hfb-mobile-header-display":"","site-post-title":"","ast-breadcrumbs-content":"","ast-featured-img":"","footer-sml-layout":"","ast-disable-related-posts":"","theme-transparent-header-meta":"default","adv-header-id-meta":"","stick-header-meta":"","header-above-stick-meta":"","header-main-stick-meta":"","header-below-stick-meta":"","astra-migrate-meta-layouts":"default","ast-page-background-enabled":"default","ast-page-background-meta":{"desktop":{"background-color":"var(--ast-global-color-5)","background-image":"","background-repeat":"repeat","background-position":"center center","background-size":"auto","background-attachment":"scroll","background-type":"","background-media":"","overlay-type":"","overlay-color":"","overlay-opacity":"","overlay-gradient":""},"tablet":{"background-color":"","background-image":"","background-repeat":"repeat","background-position":"center center","background-size":"auto","background-attachment":"scroll","background-type":"","background-media":"","overlay-type":"","overlay-color":"","overlay-opacity":"","overlay-gradient":""},"mobile":{"background-color":"","background-image":"","background-repeat":"repeat","background-position":"center center","background-size":"auto","background-attachment":"scroll","background-type":"","background-media":"","overlay-type":"","overlay-color":"","overlay-opacity":"","overlay-gradient":""}},"ast-content-background-meta":{"desktop":{"background-color":"var(--ast-global-color-4)","background-image":"","background-repeat":"repeat","background-position":"center center","background-size":"auto","background-attachment":"scroll","background-type":"","background-media":"","overlay-type":"","overlay-color":"","overlay-opacity":"","overlay-gradient":""},"tablet":{"background-color":"var(--ast-global-color-4)","background-image":"","background-repeat":"repeat","background-position":"center center","background-size":"auto","background-attachment":"scroll","background-type":"","background-media":"","overlay-type":"","overlay-color":"","overlay-opacity":"","overlay-gradient":""},"mobile":{"background-color":"var(--ast-global-color-4)","background-image":"","background-repeat":"repeat","background-position":"center center","background-size":"auto","background-attachment":"scroll","background-type":"","background-media":"","overlay-type":"","overlay-color":"","overlay-opacity":"","overlay-gradient":""}},"footnotes":""},"categories":[109],"tags":[94],"class_list":["post-3907","post","type-post","status-publish","format-standard","has-post-thumbnail","hentry","category-ventiladores","tag-concienciacion"],"acf":[],"_links":{"self":[{"href":"https:\/\/blizzcool.es\/pt-pt\/wp-json\/wp\/v2\/posts\/3907","targetHints":{"allow":["GET"]}}],"collection":[{"href":"https:\/\/blizzcool.es\/pt-pt\/wp-json\/wp\/v2\/posts"}],"about":[{"href":"https:\/\/blizzcool.es\/pt-pt\/wp-json\/wp\/v2\/types\/post"}],"author":[{"embeddable":true,"href":"https:\/\/blizzcool.es\/pt-pt\/wp-json\/wp\/v2\/users\/2"}],"replies":[{"embeddable":true,"href":"https:\/\/blizzcool.es\/pt-pt\/wp-json\/wp\/v2\/comments?post=3907"}],"version-history":[{"count":0,"href":"https:\/\/blizzcool.es\/pt-pt\/wp-json\/wp\/v2\/posts\/3907\/revisions"}],"wp:featuredmedia":[{"embeddable":true,"href":"https:\/\/blizzcool.es\/pt-pt\/wp-json\/wp\/v2\/media\/3908"}],"wp:attachment":[{"href":"https:\/\/blizzcool.es\/pt-pt\/wp-json\/wp\/v2\/media?parent=3907"}],"wp:term":[{"taxonomy":"category","embeddable":true,"href":"https:\/\/blizzcool.es\/pt-pt\/wp-json\/wp\/v2\/categories?post=3907"},{"taxonomy":"post_tag","embeddable":true,"href":"https:\/\/blizzcool.es\/pt-pt\/wp-json\/wp\/v2\/tags?post=3907"}],"curies":[{"name":"wp","href":"https:\/\/api.w.org\/{rel}","templated":true}]}}