{"id":3935,"date":"2026-04-21T15:12:03","date_gmt":"2026-04-21T15:12:03","guid":{"rendered":"https:\/\/blizzcool.es\/blog\/non-classe\/combien-coute-linstallation-dun-ventilateur-de-plafond\/"},"modified":"2026-04-21T15:12:03","modified_gmt":"2026-04-21T15:12:03","slug":"combien-coute-linstallation-dun-ventilateur-de-plafond","status":"publish","type":"post","link":"https:\/\/blizzcool.es\/fr\/blog\/ventilateurs\/combien-coute-linstallation-dun-ventilateur-de-plafond\/","title":{"rendered":"Combien co\u00fbte l&rsquo;installation d&rsquo;un ventilateur de plafond ?"},"content":{"rendered":"<p class=\"font-claude-response-body break-words whitespace-normal leading-[1.7]\">L&rsquo;installation d&rsquo;un ventilateur de plafond en Espagne a un co\u00fbt total qui se situe habituellement entre 100 \u20ac et 500 \u20ac, en additionnant le prix de l&rsquo;appareil et la main-d&rsquo;\u0153uvre. Pour un ventilateur domestique standard avec un point lumineux existant, le prix d&rsquo;installation est d&rsquo;environ 50 \u00e0 100 \u20ac. Pour un ventilateur industriel de grand diam\u00e8tre dans un entrep\u00f4t avec un plafond haut, le budget change de mani\u00e8re significative.  <\/p>\n<p class=\"font-claude-response-body break-words whitespace-normal leading-[1.7]\">La fourchette est large car elle d\u00e9pend de trois variables : le mod\u00e8le de ventilateur que vous choisissez, les conditions du plafond o\u00f9 il sera install\u00e9 et s&rsquo;il existe d\u00e9j\u00e0 un point lumineux ou s&rsquo;il faut le cr\u00e9er. Nous d\u00e9taillons chacun de ces points ci-dessous. <\/p>\n<h2 class=\"text-text-100 mt-3 -mb-1 text-[1.125rem] font-bold\">Le prix du ventilateur : la plus grande variable du budget<\/h2>\n<p class=\"font-claude-response-body break-words whitespace-normal leading-[1.7]\">L&rsquo;appareil repr\u00e9sente g\u00e9n\u00e9ralement la majeure partie du co\u00fbt total. Les fourchettes indicatives pour un usage domestique sont : <\/p>\n<div class=\"overflow-x-auto w-full px-2 mb-6\">\n<table class=\"min-w-full border-collapse text-sm leading-[1.7] whitespace-normal\">\n<thead class=\"text-left\">\n<tr>\n<th class=\"text-text-100 border-b-0.5 border-border-300\/60 py-2 pr-4 align-top font-bold\" scope=\"col\">Type de ventilateur<\/th>\n<th class=\"text-text-100 border-b-0.5 border-border-300\/60 py-2 pr-4 align-top font-bold\" scope=\"col\">Prix indicatif<\/th>\n<\/tr>\n<\/thead>\n<tbody>\n<tr>\n<td class=\"border-b-0.5 border-border-300\/30 py-2 pr-4 align-top\">Basique sans lumi\u00e8re, usage domestique<\/td>\n<td class=\"border-b-0.5 border-border-300\/30 py-2 pr-4 align-top\"><strong>40 \u20ac \u2013 100 \u20ac<\/strong><\/td>\n<\/tr>\n<tr>\n<td class=\"border-b-0.5 border-border-300\/30 py-2 pr-4 align-top\">Avec lumi\u00e8re int\u00e9gr\u00e9e ou design<\/td>\n<td class=\"border-b-0.5 border-border-300\/30 py-2 pr-4 align-top\"><strong>100 \u20ac \u2013 300 \u20ac<\/strong><\/td>\n<\/tr>\n<tr>\n<td class=\"border-b-0.5 border-border-300\/30 py-2 pr-4 align-top\">Premium ou grand diam\u00e8tre domestique<\/td>\n<td class=\"border-b-0.5 border-border-300\/30 py-2 pr-4 align-top\"><strong>300 \u20ac \u2013 600 \u20ac<\/strong><\/td>\n<\/tr>\n<tr>\n<td class=\"border-b-0.5 border-border-300\/30 py-2 pr-4 align-top\">Industriel de plafond (grand diam\u00e8tre)<\/td>\n<td class=\"border-b-0.5 border-border-300\/30 py-2 pr-4 align-top\"><strong>\u00c0 partir de 800 \u20ac<\/strong><\/td>\n<\/tr>\n<\/tbody>\n<\/table>\n<\/div>\n<p class=\"font-claude-response-body break-words whitespace-normal leading-[1.7]\">Les ventilateurs industriels de plafond de grand diam\u00e8tre, con\u00e7us pour d\u00e9placer de grands volumes d&rsquo;air dans les entrep\u00f4ts, ateliers ou grandes surfaces, ont une fourchette de prix propre qui n&rsquo;a rien \u00e0 voir avec le march\u00e9 domestique. Le moteur, les mat\u00e9riaux et l&rsquo;ing\u00e9nierie n\u00e9cessaires pour fonctionner en continu pendant des ann\u00e9es dans des environnements exigeants justifient cette diff\u00e9rence. <\/p>\n<h2 class=\"text-text-100 mt-3 -mb-1 text-[1.125rem] font-bold\">Le co\u00fbt de la main-d&rsquo;\u0153uvre : ce qui le rend plus cher<\/h2>\n<p class=\"font-claude-response-body break-words whitespace-normal leading-[1.7]\">Un \u00e9lectricien facture entre 30 et 50 \u20ac\/heure dans la plupart des provinces espagnoles. Une installation domestique standard, avec un point lumineux existant et un plafond de hauteur normale, prend entre 1 et 2 heures. Le co\u00fbt de la main-d&rsquo;\u0153uvre est donc d&rsquo;environ 50 \u00e0 100 \u20ac dans des conditions normales.  <\/p>\n<p class=\"font-claude-response-body break-words whitespace-normal leading-[1.7]\">Certains facteurs augmentent ce temps et ce co\u00fbt :<\/p>\n<p class=\"font-claude-response-body break-words whitespace-normal leading-[1.7]\">Le <strong>type de plafond<\/strong> est important. Un plafond en plaques de pl\u00e2tre n\u00e9cessite de localiser la structure pour ancrer solidement le ventilateur. Un plafond en b\u00e9ton peut n\u00e9cessiter une perceuse \u00e0 percussion et des chevilles sp\u00e9ciales. Les deux ajoutent du temps.   <\/p>\n<p class=\"font-claude-response-body break-words whitespace-normal leading-[1.7]\">La <strong>hauteur du plafond<\/strong> est le facteur le plus d\u00e9terminant dans les installations industrielles. Dans une habitation de 2,5 m\u00e8tres de hauteur, un \u00e9lectricien travaille depuis une \u00e9chelle. Dans un entrep\u00f4t de 6, 8 ou 10 m\u00e8tres de hauteur, l&rsquo;installation n\u00e9cessite une plateforme \u00e9l\u00e9vatrice ou un \u00e9chafaudage, dont la location peut repr\u00e9senter un co\u00fbt additionnel de 100 \u00e0 300 \u20ac ou plus selon la journ\u00e9e et la zone.  <\/p>\n<p class=\"font-claude-response-body break-words whitespace-normal leading-[1.7]\">La <strong>tige d&rsquo;extension<\/strong> est n\u00e9cessaire lorsque le plafond est tr\u00e8s haut et que les pales sont trop \u00e9loign\u00e9es du sol pour \u00eatre efficaces. L&rsquo;ajout d&rsquo;une tige prolonge le temps de montage et peut n\u00e9cessiter du mat\u00e9riel suppl\u00e9mentaire. <\/p>\n<p><img loading=\"lazy\" decoding=\"async\" class=\"aligncenter wp-image-3836 size-large\" src=\"https:\/\/blizzcool.es\/wp-content\/uploads\/2026\/04\/Las-manos-de-un-tecnico-instalando-un-ventilador-industrial-1024x585.png\" alt=\"technicien installant un ventilateur de plafond industriel\" width=\"1024\" height=\"585\"><\/p>\n<h3 class=\"text-text-100 mt-3 -mb-1 text-[1.125rem] font-bold\">Quand faut-il cr\u00e9er un point lumineux pour installer le ventilateur ?<\/h3>\n<p class=\"font-claude-response-body break-words whitespace-normal leading-[1.7]\">Si un point lumineux est d\u00e9j\u00e0 install\u00e9 au plafond (l\u00e0 o\u00f9 se trouvait une lampe auparavant, par exemple), l&rsquo;installation du ventilateur est directe : la lampe est retir\u00e9e et le ventilateur est connect\u00e9 \u00e0 sa place. C&rsquo;est la situation la plus simple et la plus \u00e9conomique. <\/p>\n<p class=\"font-claude-response-body break-words whitespace-normal leading-[1.7]\">S&rsquo;il n&rsquo;existe pas de point lumineux, il faut l&rsquo;amener jusqu&rsquo;au plafond depuis la bo\u00eete de d\u00e9rivation la plus proche. Cela implique d&rsquo;ouvrir des saign\u00e9es dans le mur et le plafond, de passer le c\u00e2blage, de refermer et de retoucher. Le co\u00fbt additionnel se situe entre 80 et 150 \u20ac selon le parcours et la complexit\u00e9, et le temps de travail s&rsquo;allonge consid\u00e9rablement.  <\/p>\n<p class=\"font-claude-response-body break-words whitespace-normal leading-[1.7]\">Une alternative plus simple et plus \u00e9conomique pour des cas ponctuels est de connecter le ventilateur via un c\u00e2ble textile d\u00e9coratif \u00e0 une prise proche, bien que ce ne soit pas toujours viable ni esth\u00e9tique dans tous les environnements.<\/p>\n<h3 class=\"text-text-100 mt-3 -mb-1 text-[1.125rem] font-bold\">Installation de ventilateurs de plafond dans les entrep\u00f4ts et grands espaces<\/h3>\n<p class=\"font-claude-response-body break-words whitespace-normal leading-[1.7]\">L&rsquo;installation de <a class=\"underline underline underline-offset-2 decoration-1 decoration-current\/40 hover:decoration-current focus:decoration-current\" href=\"https:\/\/blizzcool.es\/ventilador-industrial\/techo\/\">ventilateurs de plafond pour grands espaces<\/a> est un processus diff\u00e9rent de celui domestique \u00e0 presque tous \u00e9gards : le poids de l&rsquo;\u00e9quipement est plus important, le diam\u00e8tre des pales peut d\u00e9passer deux m\u00e8tres, la hauteur de travail n\u00e9cessite des moyens d&rsquo;\u00e9l\u00e9vation et l&rsquo;ancrage structurel au plafond de l&rsquo;entrep\u00f4t doit \u00eatre calcul\u00e9 pour supporter \u00e0 la fois le poids statique et les vibrations en fonctionnement continu.<\/p>\n<p class=\"font-claude-response-body break-words whitespace-normal leading-[1.7]\">Dans ces environnements, le co\u00fbt d&rsquo;installation par unit\u00e9 est plus difficile \u00e0 standardiser car il d\u00e9pend de variables tr\u00e8s sp\u00e9cifiques : hauteur r\u00e9elle du plafond, type de structure (poutres m\u00e9talliques, b\u00e9ton, bois), accessibilit\u00e9 et distance au tableau \u00e9lectrique. Il est courant de demander un devis sur mesure qui inclut \u00e0 la fois la fourniture de l&rsquo;\u00e9quipement et l&rsquo;installation. <\/p>\n<p><img loading=\"lazy\" decoding=\"async\" class=\"aligncenter wp-image-3834 size-large\" src=\"https:\/\/blizzcool.es\/wp-content\/uploads\/2026\/04\/Primer-plano-de-un-ventilador-industrial-1-1024x585.png\" alt=\"ventilateur de plafond dans un entrep\u00f4t industriel\" width=\"1024\" height=\"585\"><\/p>\n<h3 class=\"text-text-100 mt-3 -mb-1 text-[1.125rem] font-bold\">Combien de ventilateurs de plafond votre espace n\u00e9cessite-t-il ?<\/h3>\n<p class=\"font-claude-response-body break-words whitespace-normal leading-[1.7]\">Dans les installations industrielles, il est rare d&rsquo;installer une seule unit\u00e9. La couverture r\u00e9elle de chaque ventilateur d\u00e9pend de son diam\u00e8tre et de sa hauteur de montage, mais \u00e0 titre indicatif, un ventilateur industriel de plafond de 200 cm de diam\u00e8tre install\u00e9 \u00e0 6 m\u00e8tres de hauteur peut couvrir efficacement entre 200 et 400 m\u00b2 selon le mod\u00e8le. <\/p>\n<p class=\"font-claude-response-body break-words whitespace-normal leading-[1.7]\">Pour un entrep\u00f4t de 1 000 m\u00b2, l&rsquo;installation typique pr\u00e9voit donc entre 3 et 6 unit\u00e9s r\u00e9parties de mani\u00e8re homog\u00e8ne. C&rsquo;est le type de planification qu&rsquo;il convient de faire avant d&rsquo;acheter, car le nombre d&rsquo;unit\u00e9s et leur disposition d\u00e9terminent \u00e0 la fois le r\u00e9sultat final et le co\u00fbt total du projet. <\/p>\n<h3 class=\"text-text-100 mt-3 -mb-1 text-[1.125rem] font-bold\">\u00c9l\u00e9ments \u00e0 prendre en compte avant de choisir le ventilateur de plafond<\/h3>\n<p class=\"font-claude-response-body break-words whitespace-normal leading-[1.7]\">Le co\u00fbt d&rsquo;installation est un crit\u00e8re important, mais il ne devrait pas \u00eatre le premier. Un ventilateur mal dimensionn\u00e9 pour l&rsquo;espace, m\u00eame s&rsquo;il est moins cher \u00e0 installer, ne r\u00e9soudra pas le probl\u00e8me de chaleur et finira par \u00eatre un investissement perdu. <\/p>\n<p class=\"font-claude-response-body break-words whitespace-normal leading-[1.7]\">Avant de budg\u00e9tiser l&rsquo;installation, il convient de bien d\u00e9finir le diam\u00e8tre appropri\u00e9 pour la superficie de l&rsquo;espace, la hauteur de montage r\u00e9elle et le type d&rsquo;utilisation que l&rsquo;\u00e9quipement aura. Si vous avez des doutes sur le mod\u00e8le qui convient le mieux \u00e0 votre entrep\u00f4t ou installation, vous trouverez les crit\u00e8res ordonn\u00e9s dans le guide sur <a class=\"underline underline underline-offset-2 decoration-1 decoration-current\/40 hover:decoration-current focus:decoration-current\" href=\"https:\/\/blizzcool.es\/blog\/ventiladores\/como-elegir-ventilador-de-techo\/\">comment choisir correctement un ventilateur de plafond<\/a>. Et si vous avez besoin d&rsquo;un devis concret pour votre installation, vous pouvez nous contacter directement.  <\/p>\n","protected":false},"excerpt":{"rendered":"<p>L&rsquo;installation d&rsquo;un ventilateur de plafond en Espagne a un co\u00fbt total qui se situe habituellement entre 100 \u20ac et 500 [&hellip;]<\/p>\n","protected":false},"author":2,"featured_media":3937,"comment_status":"open","ping_status":"open","sticky":false,"template":"","format":"standard","meta":{"_acf_changed":false,"site-sidebar-layout":"default","site-content-layout":"","ast-site-content-layout":"default","site-content-style":"default","site-sidebar-style":"default","ast-global-header-display":"","ast-banner-title-visibility":"","ast-main-header-display":"","ast-hfb-above-header-display":"","ast-hfb-below-header-display":"","ast-hfb-mobile-header-display":"","site-post-title":"","ast-breadcrumbs-content":"","ast-featured-img":"","footer-sml-layout":"","ast-disable-related-posts":"","theme-transparent-header-meta":"default","adv-header-id-meta":"","stick-header-meta":"","header-above-stick-meta":"","header-main-stick-meta":"","header-below-stick-meta":"","astra-migrate-meta-layouts":"default","ast-page-background-enabled":"default","ast-page-background-meta":{"desktop":{"background-color":"var(--ast-global-color-5)","background-image":"","background-repeat":"repeat","background-position":"center center","background-size":"auto","background-attachment":"scroll","background-type":"","background-media":"","overlay-type":"","overlay-color":"","overlay-opacity":"","overlay-gradient":""},"tablet":{"background-color":"","background-image":"","background-repeat":"repeat","background-position":"center center","background-size":"auto","background-attachment":"scroll","background-type":"","background-media":"","overlay-type":"","overlay-color":"","overlay-opacity":"","overlay-gradient":""},"mobile":{"background-color":"","background-image":"","background-repeat":"repeat","background-position":"center center","background-size":"auto","background-attachment":"scroll","background-type":"","background-media":"","overlay-type":"","overlay-color":"","overlay-opacity":"","overlay-gradient":""}},"ast-content-background-meta":{"desktop":{"background-color":"var(--ast-global-color-4)","background-image":"","background-repeat":"repeat","background-position":"center center","background-size":"auto","background-attachment":"scroll","background-type":"","background-media":"","overlay-type":"","overlay-color":"","overlay-opacity":"","overlay-gradient":""},"tablet":{"background-color":"var(--ast-global-color-4)","background-image":"","background-repeat":"repeat","background-position":"center center","background-size":"auto","background-attachment":"scroll","background-type":"","background-media":"","overlay-type":"","overlay-color":"","overlay-opacity":"","overlay-gradient":""},"mobile":{"background-color":"var(--ast-global-color-4)","background-image":"","background-repeat":"repeat","background-position":"center center","background-size":"auto","background-attachment":"scroll","background-type":"","background-media":"","overlay-type":"","overlay-color":"","overlay-opacity":"","overlay-gradient":""}},"footnotes":""},"categories":[112],"tags":[95],"class_list":["post-3935","post","type-post","status-publish","format-standard","has-post-thumbnail","hentry","category-ventilateurs","tag-consideracion"],"acf":[],"_links":{"self":[{"href":"https:\/\/blizzcool.es\/fr\/wp-json\/wp\/v2\/posts\/3935","targetHints":{"allow":["GET"]}}],"collection":[{"href":"https:\/\/blizzcool.es\/fr\/wp-json\/wp\/v2\/posts"}],"about":[{"href":"https:\/\/blizzcool.es\/fr\/wp-json\/wp\/v2\/types\/post"}],"author":[{"embeddable":true,"href":"https:\/\/blizzcool.es\/fr\/wp-json\/wp\/v2\/users\/2"}],"replies":[{"embeddable":true,"href":"https:\/\/blizzcool.es\/fr\/wp-json\/wp\/v2\/comments?post=3935"}],"version-history":[{"count":0,"href":"https:\/\/blizzcool.es\/fr\/wp-json\/wp\/v2\/posts\/3935\/revisions"}],"wp:featuredmedia":[{"embeddable":true,"href":"https:\/\/blizzcool.es\/fr\/wp-json\/wp\/v2\/media\/3937"}],"wp:attachment":[{"href":"https:\/\/blizzcool.es\/fr\/wp-json\/wp\/v2\/media?parent=3935"}],"wp:term":[{"taxonomy":"category","embeddable":true,"href":"https:\/\/blizzcool.es\/fr\/wp-json\/wp\/v2\/categories?post=3935"},{"taxonomy":"post_tag","embeddable":true,"href":"https:\/\/blizzcool.es\/fr\/wp-json\/wp\/v2\/tags?post=3935"}],"curies":[{"name":"wp","href":"https:\/\/api.w.org\/{rel}","templated":true}]}}